{"id":98,"date":"2010-03-04T20:18:59","date_gmt":"2010-03-04T20:18:59","guid":{"rendered":"http:\/\/fespm.semrm.com\/index.php\/2010\/03\/04\/autoevaluacion-y-criterios-de-calidad-en-la-ensenanza-de-las-matematicas\/"},"modified":"2010-03-04T20:18:59","modified_gmt":"2010-03-04T20:18:59","slug":"autoevaluacion-y-criterios-de-calidad-en-la-ensenanza-de-las-matematicas","status":"publish","type":"post","link":"https:\/\/fespm.es\/index.php\/2010\/03\/04\/autoevaluacion-y-criterios-de-calidad-en-la-ensenanza-de-las-matematicas\/","title":{"rendered":"Autoevaluaci\u00f3n y criterios de calidad en la ense\u00f1anza de las matem\u00e1ticas"},"content":{"rendered":"<p>La evaluaci\u00f3n y autoevaluaci\u00f3n resultan imprescindibles para gestionar la calidad de la ense\u00f1anza de las matem\u00e1ticas. Tambi\u00e9n permiten detectar necesidades de formaci\u00f3n y fomentan una cultura de orientaci\u00f3n al estudiante y de mejora continua. En el \u00e1mbito universitario hay cierta experiencia acerca de la evaluaci\u00f3n docente, pero no as\u00ed, al menos en Espa\u00f1a, en ense\u00f1anzas no universitarias. Esto ha levantado gran pol\u00e9mica en algunas comunidades aut\u00f3nomas y despierta cierta inquietud entre una gran parte del profesorado.<\/p>\n<p>Por ello, desde la Federaci\u00f3n Espa\u00f1ola de Sociedades de Profesores de Matem\u00e1ticas (FESPM) se considera de gran inter\u00e9s organizar un seminario sobre este tema a nivel nacional.<\/p>\n<p>La actuaci\u00f3n docente es un factor de gran importancia en la calidad de la ense\u00f1anza, cuya evaluaci\u00f3n deber\u00e1 incluir:<br \/>\n&#8211; La definici\u00f3n de los objetivos de la evaluaci\u00f3n y del modelo acad\u00e9mico en el que se inscribe.<br \/>\n&#8211; La definici\u00f3n exacta de los aspectos que se evaluar\u00e1n.<br \/>\n&#8211; La descripci\u00f3n de los instrumentos que se utilizar\u00e1n para la obtenci\u00f3n de informaci\u00f3n (encuestas, informes, estudios, entrevistas&#8230;), de los procedimientos que se seguir\u00e1n y de los criterios que se emplear\u00e1n.<br \/>\n&#8211; Un calendario para el proceso de la evaluaci\u00f3n y para el plan de seguimiento de los resultados.<br \/>\n&#8211; El estudio de tendencias hist\u00f3ricas de cada docente, comparaci\u00f3n de resultados con otros profesores de matem\u00e1ticas.<\/p>\n<p><strong>Fecha<\/strong>: 15\/04\/2010 &#8211; 18\/04\/2010<br \/>\n<br \/><strong>Lugar<\/strong>: <a href=\"http:\/\/www.ciem.unican.es\">CIEM<\/a>, Castro Urdiales (Cantabria)<br \/>\n<br \/><strong>Contacto<\/strong>: Francisco Mart\u00edn Casalderrey (Sociedad Madrile\u00f1a de Profesores de Matem\u00e1ticas EMMA CASTELNUOVO), Juana M\u00aa Navas Pleguezuleos (Sociedad Andaluza de Educaci\u00f3n Matem\u00e1tica THALES) y Claudia L\u00e1zaro del Pozo, tesorera de la FESPM (Sociedad Matem\u00e1tica de Profesores de Cantabria-SMPC)<br \/>\n<br \/><strong>Duraci\u00f3n<\/strong>: 3 dias<br \/>\n<br \/><strong>Participantes<\/strong>: 30<\/p>\n","protected":false},"excerpt":{"rendered":"<p>La evaluaci\u00f3n y autoevaluaci\u00f3n resultan imprescindibles para gestionar la calidad de la ense\u00f1anza de las matem\u00e1ticas. Tambi\u00e9n permiten detectar necesidades de formaci\u00f3n y fomentan una cultura de orientaci\u00f3n al estudiante y de mejora continua. En el \u00e1mbito universitario hay cierta experiencia acerca de la evaluaci\u00f3n docente, pero no as\u00ed, al menos en Espa\u00f1a, en ense\u00f1anzas [&hellip;]<\/p>\n","protected":false},"author":1,"featured_media":0,"comment_status":"closed","ping_status":"open","sticky":false,"template":"","format":"standard","meta":{"footnotes":""},"categories":[11],"tags":[],"class_list":["post-98","post","type-post","status-publish","format-standard","hentry","category-seminarios-actividades"],"_links":{"self":[{"href":"https:\/\/fespm.es\/index.php\/wp-json\/wp\/v2\/posts\/98","targetHints":{"allow":["GET"]}}],"collection":[{"href":"https:\/\/fespm.es\/index.php\/wp-json\/wp\/v2\/posts"}],"about":[{"href":"https:\/\/fespm.es\/index.php\/wp-json\/wp\/v2\/types\/post"}],"author":[{"embeddable":true,"href":"https:\/\/fespm.es\/index.php\/wp-json\/wp\/v2\/users\/1"}],"replies":[{"embeddable":true,"href":"https:\/\/fespm.es\/index.php\/wp-json\/wp\/v2\/comments?post=98"}],"version-history":[{"count":0,"href":"https:\/\/fespm.es\/index.php\/wp-json\/wp\/v2\/posts\/98\/revisions"}],"wp:attachment":[{"href":"https:\/\/fespm.es\/index.php\/wp-json\/wp\/v2\/media?parent=98"}],"wp:term":[{"taxonomy":"category","embeddable":true,"href":"https:\/\/fespm.es\/index.php\/wp-json\/wp\/v2\/categories?post=98"},{"taxonomy":"post_tag","embeddable":true,"href":"https:\/\/fespm.es\/index.php\/wp-json\/wp\/v2\/tags?post=98"}],"curies":[{"name":"wp","href":"https:\/\/api.w.org\/{rel}","templated":true}]}}