{"id":828,"date":"2018-11-27T11:49:52","date_gmt":"2018-11-27T11:49:52","guid":{"rendered":"http:\/\/fespm.semrm.com\/index.php\/2018\/11\/27\/la-cronica\/"},"modified":"2018-11-27T11:49:52","modified_gmt":"2018-11-27T11:49:52","slug":"la-cronica","status":"publish","type":"post","link":"https:\/\/fespm.es\/index.php\/2018\/11\/27\/la-cronica\/","title":{"rendered":"La Cr\u00f3nica."},"content":{"rendered":"<p>Los compa\u00f1eros de Melilla nos presentan la cr\u00f3nica de la I Olimpiada Alev\u00edn.<br \/>\nUn grato recuerdo para los que participamos y una invitaci\u00f3n para el resto.<\/p>\n","protected":false},"excerpt":{"rendered":"<p>Los compa\u00f1eros de Melilla nos presentan la cr\u00f3nica de la I Olimpiada Alev\u00edn. Un grato recuerdo para los que participamos y una invitaci\u00f3n para el resto.<\/p>\n","protected":false},"author":1,"featured_media":0,"comment_status":"closed","ping_status":"open","sticky":false,"template":"","format":"standard","meta":{"footnotes":""},"categories":[44],"tags":[],"class_list":["post-828","post","type-post","status-publish","format-standard","hentry","category-melilla-2018"],"_links":{"self":[{"href":"https:\/\/fespm.es\/index.php\/wp-json\/wp\/v2\/posts\/828","targetHints":{"allow":["GET"]}}],"collection":[{"href":"https:\/\/fespm.es\/index.php\/wp-json\/wp\/v2\/posts"}],"about":[{"href":"https:\/\/fespm.es\/index.php\/wp-json\/wp\/v2\/types\/post"}],"author":[{"embeddable":true,"href":"https:\/\/fespm.es\/index.php\/wp-json\/wp\/v2\/users\/1"}],"replies":[{"embeddable":true,"href":"https:\/\/fespm.es\/index.php\/wp-json\/wp\/v2\/comments?post=828"}],"version-history":[{"count":0,"href":"https:\/\/fespm.es\/index.php\/wp-json\/wp\/v2\/posts\/828\/revisions"}],"wp:attachment":[{"href":"https:\/\/fespm.es\/index.php\/wp-json\/wp\/v2\/media?parent=828"}],"wp:term":[{"taxonomy":"category","embeddable":true,"href":"https:\/\/fespm.es\/index.php\/wp-json\/wp\/v2\/categories?post=828"},{"taxonomy":"post_tag","embeddable":true,"href":"https:\/\/fespm.es\/index.php\/wp-json\/wp\/v2\/tags?post=828"}],"curies":[{"name":"wp","href":"https:\/\/api.w.org\/{rel}","templated":true}]}}