{"id":451,"date":"2012-11-12T09:30:00","date_gmt":"2012-11-12T09:30:00","guid":{"rendered":"http:\/\/fespm.semrm.com\/index.php\/2012\/11\/12\/abierta-la-inscripcion-para-asistir-a-las-xvi-jaem-palma-2013\/"},"modified":"2012-11-12T09:30:00","modified_gmt":"2012-11-12T09:30:00","slug":"abierta-la-inscripcion-para-asistir-a-las-xvi-jaem-palma-2013","status":"publish","type":"post","link":"https:\/\/fespm.es\/index.php\/2012\/11\/12\/abierta-la-inscripcion-para-asistir-a-las-xvi-jaem-palma-2013\/","title":{"rendered":"Abierta la inscripci\u00f3n para asistir a las XVI JAEM &#8211; Palma 2013"},"content":{"rendered":"<p>El comit\u00e9 organizador de las <a href=\"http:\/\/xvi.jaem.es\">XVI JAEM<\/a> ha habilitado el proceso de inscripci\u00f3n a las jornadas. Para realizar la inscripci\u00f3n se debe rellenar <a href=\"http:\/\/xvi.jaem.es\/informacio-general\/inscripcio-a-les-xvi-jaem.html?lang=es\">un formulario online<\/a> y pagar <a href=\"http:\/\/xvi.jaem.es\/informacio-general\/quota-d-inscripcio.html\">la cuota<\/a> correspondiente, que var\u00eda entre la pertenencia o no a una sociedad federada en la FESPM y por la fecha de formalizaci\u00f3n de la inscripci\u00f3n.<\/p>\n<p>\u00c9stas son las fechas a tener en cuenta:<br \/>\n&#8211; <strong>15 de marzo de 2013<\/strong>: fecha l\u00edmite para la la presentaci\u00f3n de comunicaciones, talleres, materiales de zoco matem\u00e1tico, p\u00f3steres y proyectos.<br \/>\n&#8211; <strong>15 de mayo de 2013<\/strong>: fecha l\u00edmite del primer per\u00edodo de inscripci\u00f3n.<br \/>\n&#8211; <strong>15 de junio de 2013<\/strong>: fecha l\u00edmite para la inscripci\u00f3n a las JAEM.<br \/>\n&#8211; <strong>2 al 5 de julio de 2013<\/strong>: celebraci\u00f3n de las JAEM<\/p>\n<p>Encontrar\u00e1 m\u00e1s informaci\u00f3n en <a href=\"sites\/fespm.es\/IMG\/http:\/\/xvi.jaem.es\/IMG\/pdf\/1r_anuncio_xvi_jaem_palma_2013_suma70_.pdf\">la p\u00e1gina web de las XVI JAEM->http:\/\/xvi.jaem.es] y en el [primer anuncio publicado en el n\u00famero 70 de la revista SUMA<\/a>.<\/p>\n","protected":false},"excerpt":{"rendered":"<p>El comit\u00e9 organizador de las XVI JAEM ha habilitado el proceso de inscripci\u00f3n a las jornadas. Para realizar la inscripci\u00f3n se debe rellenar un formulario online y pagar la cuota correspondiente, que var\u00eda entre la pertenencia o no a una sociedad federada en la FESPM y por la fecha de formalizaci\u00f3n de la inscripci\u00f3n. \u00c9stas [&hellip;]<\/p>\n","protected":false},"author":1,"featured_media":450,"comment_status":"closed","ping_status":"open","sticky":false,"template":"","format":"standard","meta":{"footnotes":""},"categories":[10],"tags":[],"class_list":["post-451","post","type-post","status-publish","format-standard","has-post-thumbnail","hentry","category-j-a-e-m"],"_links":{"self":[{"href":"https:\/\/fespm.es\/index.php\/wp-json\/wp\/v2\/posts\/451","targetHints":{"allow":["GET"]}}],"collection":[{"href":"https:\/\/fespm.es\/index.php\/wp-json\/wp\/v2\/posts"}],"about":[{"href":"https:\/\/fespm.es\/index.php\/wp-json\/wp\/v2\/types\/post"}],"author":[{"embeddable":true,"href":"https:\/\/fespm.es\/index.php\/wp-json\/wp\/v2\/users\/1"}],"replies":[{"embeddable":true,"href":"https:\/\/fespm.es\/index.php\/wp-json\/wp\/v2\/comments?post=451"}],"version-history":[{"count":0,"href":"https:\/\/fespm.es\/index.php\/wp-json\/wp\/v2\/posts\/451\/revisions"}],"wp:featuredmedia":[{"embeddable":true,"href":"https:\/\/fespm.es\/index.php\/wp-json\/wp\/v2\/media\/450"}],"wp:attachment":[{"href":"https:\/\/fespm.es\/index.php\/wp-json\/wp\/v2\/media?parent=451"}],"wp:term":[{"taxonomy":"category","embeddable":true,"href":"https:\/\/fespm.es\/index.php\/wp-json\/wp\/v2\/categories?post=451"},{"taxonomy":"post_tag","embeddable":true,"href":"https:\/\/fespm.es\/index.php\/wp-json\/wp\/v2\/tags?post=451"}],"curies":[{"name":"wp","href":"https:\/\/api.w.org\/{rel}","templated":true}]}}