{"id":3655,"date":"2026-09-01T18:53:09","date_gmt":"2026-09-01T16:53:09","guid":{"rendered":"https:\/\/fespm.es\/?p=3655"},"modified":"2026-09-01T19:20:26","modified_gmt":"2026-09-01T17:20:26","slug":"matematicas-y-arquitectura","status":"publish","type":"post","link":"https:\/\/fespm.es\/index.php\/2026\/09\/01\/matematicas-y-arquitectura\/","title":{"rendered":"Matem\u00e1ticas y Arquitectura"},"content":{"rendered":"<div class=\"wp-block-image\">\n<figure class=\"aligncenter size-full is-resized\"><img loading=\"lazy\" decoding=\"async\" width=\"790\" height=\"531\" src=\"https:\/\/fespm.es\/wp-content\/uploads\/2026\/09\/imagen.png\" alt=\"\" class=\"wp-image-3656\" style=\"width:341px;height:auto\" srcset=\"https:\/\/fespm.es\/wp-content\/uploads\/2026\/09\/imagen.png 790w, https:\/\/fespm.es\/wp-content\/uploads\/2026\/09\/imagen-300x202.png 300w, https:\/\/fespm.es\/wp-content\/uploads\/2026\/09\/imagen-768x516.png 768w, https:\/\/fespm.es\/wp-content\/uploads\/2026\/09\/imagen-600x403.png 600w\" sizes=\"auto, (max-width: 790px) 100vw, 790px\" \/><\/figure><\/div>\n\n\n<p>En este curso escolar 2026\/2027 el D\u00eda Escolar de las Matem\u00e1ticas estar\u00e1 dedicado a la Arquitectura. Los compa\u00f1eros Alberto Fortes Novoa y Sandra Sambade Nieto, pertenecientes a la Sociedade Galega de Profesorado de Educaci\u00f3n Matem\u00e1tica AGAPEMA, han sido los encargados de la elaboraci\u00f3n del cuadernillo que se puede descargar <a href=\"http:\/\/fespm.es\/wp-content\/uploads\/2026\/09\/DEM_2027_Matematicas-y-Arquitectura.pdf\" target=\"_blank\" rel=\"noreferrer noopener\">aqu\u00ed<\/a>.<\/p>\n\n\n\n<p>Desde la Federaci\u00f3n agradecemos el trabajo realizado y esperamos que sea de utilidad para todo el profesorado que lo desee.<\/p>\n\n\n\n<p>Como es habitual, en torno al 12 de mayo se celebrar\u00e1 una conferencia de la cual daremos informaci\u00f3n m\u00e1s adelante.<\/p>\n\n\n\n<p>\u00a1Feliz construcci\u00f3n del futuro para el nuevo curso!<\/p>\n","protected":false},"excerpt":{"rendered":"<p>En este curso escolar 2026\/2027 el D\u00eda Escolar de las Matem\u00e1ticas estar\u00e1 dedicado a la Arquitectura. Los compa\u00f1eros Alberto Fortes Novoa y Sandra Sambade Nieto, pertenecientes a la Sociedade Galega de Profesorado de Educaci\u00f3n Matem\u00e1tica AGAPEMA, han sido los encargados de la elaboraci\u00f3n del cuadernillo que se puede descargar aqu\u00ed. Desde la Federaci\u00f3n agradecemos el [&hellip;]<\/p>\n","protected":false},"author":3,"featured_media":0,"comment_status":"closed","ping_status":"closed","sticky":false,"template":"","format":"standard","meta":{"footnotes":""},"categories":[5,115,6],"tags":[],"class_list":["post-3655","post","type-post","status-publish","format-standard","hentry","category-actividades","category-dem-2027","category-dia-escolar-de-las-matematicas"],"_links":{"self":[{"href":"https:\/\/fespm.es\/index.php\/wp-json\/wp\/v2\/posts\/3655","targetHints":{"allow":["GET"]}}],"collection":[{"href":"https:\/\/fespm.es\/index.php\/wp-json\/wp\/v2\/posts"}],"about":[{"href":"https:\/\/fespm.es\/index.php\/wp-json\/wp\/v2\/types\/post"}],"author":[{"embeddable":true,"href":"https:\/\/fespm.es\/index.php\/wp-json\/wp\/v2\/users\/3"}],"replies":[{"embeddable":true,"href":"https:\/\/fespm.es\/index.php\/wp-json\/wp\/v2\/comments?post=3655"}],"version-history":[{"count":5,"href":"https:\/\/fespm.es\/index.php\/wp-json\/wp\/v2\/posts\/3655\/revisions"}],"predecessor-version":[{"id":3664,"href":"https:\/\/fespm.es\/index.php\/wp-json\/wp\/v2\/posts\/3655\/revisions\/3664"}],"wp:attachment":[{"href":"https:\/\/fespm.es\/index.php\/wp-json\/wp\/v2\/media?parent=3655"}],"wp:term":[{"taxonomy":"category","embeddable":true,"href":"https:\/\/fespm.es\/index.php\/wp-json\/wp\/v2\/categories?post=3655"},{"taxonomy":"post_tag","embeddable":true,"href":"https:\/\/fespm.es\/index.php\/wp-json\/wp\/v2\/tags?post=3655"}],"curies":[{"name":"wp","href":"https:\/\/api.w.org\/{rel}","templated":true}]}}