{"id":3514,"date":"2026-03-10T20:10:16","date_gmt":"2026-03-10T18:10:16","guid":{"rendered":"https:\/\/fespm.es\/?p=3514"},"modified":"2026-03-10T20:10:49","modified_gmt":"2026-03-10T18:10:49","slug":"xxii-jaem-de-jaen-2026-un-viaje-al-interior-de-las-matematicas","status":"publish","type":"post","link":"https:\/\/fespm.es\/index.php\/2026\/03\/10\/xxii-jaem-de-jaen-2026-un-viaje-al-interior-de-las-matematicas\/","title":{"rendered":"XXII JAEM de Ja\u00e9n 2026. Un Viaje al interior de las Matem\u00e1ticas"},"content":{"rendered":"\n<h2 class=\"wp-block-heading\">Abierta la inscripci\u00f3n y el env\u00edo de trabajos<\/h2>\n\n\n\n<h3 class=\"wp-block-heading\">Fechas importantes a tener en cuenta: <\/h3>\n\n\n\n<ul class=\"wp-block-list\">\n<li>10 de abril: finaliza el plazo para el env\u00edo de trabajos. <\/li>\n\n\n\n<li>31 de mayo: finaliza el primer plazo (m\u00e1s economico) de inscripci\u00f3n. La inscripci\u00f3n se podr\u00e1 seguir realizando hasta el inicio del congreso. <\/li>\n\n\n\n<li>1 al 4 de julio: celebraci\u00f3n de las XXII JAEM.<\/li>\n\n\n\n<li>Visita la web https:\/\/22.jaem.es\/<\/li>\n<\/ul>\n\n\n\n<p>Convocadas por la <strong>Federaci\u00f3n Espa\u00f1ola de Sociedades de Profesores de Matem\u00e1ticas (FESPM)<\/strong>, corresponde a la Sociedad Andaluza de Educaci\u00f3n Matem\u00e1tica Thales, desde su Delegaci\u00f3n de Ja\u00e9n, que las ha asumido, con entusiasmo y responsabilidad, la organizaci\u00f3n de las <strong>XXII Jornadas para el Aprendizaje y Ense\u00f1anza de las Matem\u00e1ticas (XXII JAEM)<\/strong>, que tendr\u00e1n lugar en la ciudad de<strong> Ja\u00e9n del 1 al 4 de julio de 2026<\/strong>. La confianza que la FESPM ha depositado en nosotros supone un gran reto que abordamos con ilusi\u00f3n y compromiso, deseando que estas jornadas sean un espacio para compartir, reflexionar y crecer juntos en torno a la ense\u00f1anza de las matem\u00e1ticas.<\/p>\n\n\n\n<p>Queremos recibir en Ja\u00e9n a todo el profesorado, de todos los niveles educativos, con ganas de dialogar, experimentar, comunicar, representar, modelizar, conjeturar, reflexionar y, sobre todo, ense\u00f1ar y aprender matem\u00e1ticas.<\/p>\n\n\n\n<p><strong><a href=\"http:\/\/fespm.es\/wp-content\/uploads\/2026\/03\/XXII-JAEM-Jaen-2026-II.pdf\" target=\"_blank\" rel=\"noreferrer noopener\">Descarga el resumen de la JAEM en este enlace<\/a><\/strong><\/p>\n\n\n\n<p><\/p>\n","protected":false},"excerpt":{"rendered":"<p>Abierta la inscripci\u00f3n y el env\u00edo de trabajos Fechas importantes a tener en cuenta: Convocadas por la Federaci\u00f3n Espa\u00f1ola de Sociedades de Profesores de Matem\u00e1ticas (FESPM), corresponde a la Sociedad Andaluza de Educaci\u00f3n Matem\u00e1tica Thales, desde su Delegaci\u00f3n de Ja\u00e9n, que las ha asumido, con entusiasmo y responsabilidad, la organizaci\u00f3n de las XXII Jornadas para [&hellip;]<\/p>\n","protected":false},"author":1,"featured_media":3515,"comment_status":"closed","ping_status":"closed","sticky":false,"template":"","format":"standard","meta":{"footnotes":""},"categories":[7,52,10],"tags":[],"class_list":["post-3514","post","type-post","status-publish","format-standard","has-post-thumbnail","hentry","category-actualidad","category-destacados","category-j-a-e-m"],"_links":{"self":[{"href":"https:\/\/fespm.es\/index.php\/wp-json\/wp\/v2\/posts\/3514","targetHints":{"allow":["GET"]}}],"collection":[{"href":"https:\/\/fespm.es\/index.php\/wp-json\/wp\/v2\/posts"}],"about":[{"href":"https:\/\/fespm.es\/index.php\/wp-json\/wp\/v2\/types\/post"}],"author":[{"embeddable":true,"href":"https:\/\/fespm.es\/index.php\/wp-json\/wp\/v2\/users\/1"}],"replies":[{"embeddable":true,"href":"https:\/\/fespm.es\/index.php\/wp-json\/wp\/v2\/comments?post=3514"}],"version-history":[{"count":1,"href":"https:\/\/fespm.es\/index.php\/wp-json\/wp\/v2\/posts\/3514\/revisions"}],"predecessor-version":[{"id":3517,"href":"https:\/\/fespm.es\/index.php\/wp-json\/wp\/v2\/posts\/3514\/revisions\/3517"}],"wp:featuredmedia":[{"embeddable":true,"href":"https:\/\/fespm.es\/index.php\/wp-json\/wp\/v2\/media\/3515"}],"wp:attachment":[{"href":"https:\/\/fespm.es\/index.php\/wp-json\/wp\/v2\/media?parent=3514"}],"wp:term":[{"taxonomy":"category","embeddable":true,"href":"https:\/\/fespm.es\/index.php\/wp-json\/wp\/v2\/categories?post=3514"},{"taxonomy":"post_tag","embeddable":true,"href":"https:\/\/fespm.es\/index.php\/wp-json\/wp\/v2\/tags?post=3514"}],"curies":[{"name":"wp","href":"https:\/\/api.w.org\/{rel}","templated":true}]}}