{"id":3510,"date":"2026-03-10T12:15:29","date_gmt":"2026-03-10T10:15:29","guid":{"rendered":"https:\/\/fespm.es\/?p=3510"},"modified":"2026-03-10T12:15:31","modified_gmt":"2026-03-10T10:15:31","slug":"las-matematicas-salen-a-la-calle-la-fespm-celebra-en-madrid-el-dia-internacional-de-las-matematicas","status":"publish","type":"post","link":"https:\/\/fespm.es\/index.php\/2026\/03\/10\/las-matematicas-salen-a-la-calle-la-fespm-celebra-en-madrid-el-dia-internacional-de-las-matematicas\/","title":{"rendered":"Las matem\u00e1ticas salen a la calle: la FESPM celebra en Madrid el D\u00eda Internacional de las Matem\u00e1ticas"},"content":{"rendered":"\n<p>\u00b7\u00a0\u00a0\u00a0\u00a0\u00a0\u00a0\u00a0\u00a0\u00a0<strong>\u2018Las matem\u00e1ticas y la esperanza\u2019, lema de la edici\u00f3n de 2026<\/strong><\/p>\n\n\n\n<p><\/p>\n\n\n\n<p>La Federaci\u00f3n Espa\u00f1ola de Sociedades de Profesores de Matem\u00e1ticas (FESPM) celebrar\u00e1 este jueves 12 de marzo en Madrid un acto con motivo del D\u00eda Internacional de las Matem\u00e1ticas, que tendr\u00e1 lugar en la Real Academia de Ciencias Exactas, F\u00edsicas y Naturales de Espa\u00f1a (RAC) en Madrid.<\/p>\n\n\n\n<p>El encuentro, celebrado bajo el lema \u2018Las matem\u00e1ticas y la esperanza\u2019, reunir\u00e1 a docentes, divulgadores y p\u00fablico interesado en una jornada que combinar\u00e1 reflexi\u00f3n, divulgaci\u00f3n y propuestas para acercar las matem\u00e1ticas a la sociedad. El programa incluye la inauguraci\u00f3n institucional, una conferencia principal titulada \u2018Del problema a la esperanza\u2019, del profesor de Matem\u00e1ticas Pedro Daniel Pajares Galeano, y la presentaci\u00f3n de la iniciativa \u2018Mates en la Calle\u2019, una propuesta que busca llevar las matem\u00e1ticas a espacios p\u00fablicos y educativos de forma participativa.<\/p>\n\n\n\n<p>La actividad se enmarca en las celebraciones del D\u00eda Internacional de las Matem\u00e1ticas, que se conmemora cada 14 de marzo en todo el mundo para destacar el papel de esta disciplina en la ciencia, la educaci\u00f3n y la vida cotidiana.<\/p>\n\n\n\n<p>Con este acto, la FESPM reafirma su compromiso con la divulgaci\u00f3n matem\u00e1tica y con el impulso de iniciativas que despierten el inter\u00e9s por las matem\u00e1ticas entre estudiantes, docentes y ciudadan\u00eda.<\/p>\n\n\n\n<p><strong>IDM 314<\/strong><\/p>\n\n\n\n<p>El D\u00eda Internacional de las Matem\u00e1ticas es un proyecto promovido por la Uni\u00f3n Matem\u00e1tica Internacional (IMU) y proclamado por la UNESCO con el objetivo de destacar el papel esencial que desempe\u00f1an las matem\u00e1ticas en el progreso cient\u00edfico, tecnol\u00f3gico y social. Cada a\u00f1o se propone un lema global que orienta actividades en m\u00e1s de un centenar de pa\u00edses, fomentando la participaci\u00f3n de centros educativos, instituciones cient\u00edficas y entidades dedicadas a la divulgaci\u00f3n. El lema de este a\u00f1o es \u201cLas Matem\u00e1ticas y la Esperanza\u201d.<\/p>\n\n\n\n<p><strong>Sobre el ponente<\/strong><\/p>\n\n\n\n<p>Pedro Daniel Pajares Galeano es graduado en Matem\u00e1ticas por la Universidad de Extremadura y actualmente ejerce como profesor en el IES Norba Caesarina. Natural de C\u00e1ceres (1993), combina su labor docente en secundaria con su actividad divulgativa. Es vicepresidente segundo de la Sociedad Extreme\u00f1a de Educaci\u00f3n Matem\u00e1tica \u201cVentura Reyes Pr\u00f3sper\u201d, coordinador de las Olimpiadas Matem\u00e1ticas de Extremadura y secretario de divulgaci\u00f3n de la Federaci\u00f3n Espa\u00f1ola de Sociedades de Profesores de Matem\u00e1ticas (FESPM), cargos desde donde promueve iniciativas de divulgaci\u00f3n que refuerzan la presencia y el inter\u00e9s por las matem\u00e1ticas en Extremadura y en el \u00e1mbito nacional.<\/p>\n\n\n\n<p><strong>Del problema a la esperanza<\/strong><\/p>\n\n\n\n<p>La conferencia propone una reflexi\u00f3n sobre el papel de las matem\u00e1ticas como herramienta para afrontar desaf\u00edos y generar soluciones en un mundo cada vez m\u00e1s complejo. La intervenci\u00f3n destacar\u00e1 el valor social de las matem\u00e1ticas, su capacidad para aportar claridad en contextos de incertidumbre y su potencial para inspirar a las nuevas generaciones, mostrando c\u00f3mo el proceso de resolver problemas puede convertirse en una fuente real de conocimiento, confianza y esperanza.<\/p>\n\n\n\n<p><strong>Informaci\u00f3n adicional<\/strong><\/p>\n\n\n\n<p>\u25cf&nbsp;&nbsp;&nbsp;&nbsp;&nbsp;<strong>Hora y lugar<\/strong>: jueves 12 de marzo, 11:30h, Real Academia de Ciencias Exactas, F\u00edsicas y Naturales de Espa\u00f1a (Calle Valverde, 22, Madrid).<\/p>\n\n\n\n<p>\u25cf&nbsp;&nbsp;&nbsp;&nbsp;&nbsp;<strong>Organiza<\/strong>: Federaci\u00f3n Espa\u00f1ola de Sociedades de Profesores de Matem\u00e1ticas (FESPM)<\/p>\n\n\n\n<p>\u25cf&nbsp;&nbsp;&nbsp;&nbsp;&nbsp;<strong>Colabora<\/strong>: Real Academia de Ciencias Exactas, F\u00edsicas y Naturales de Espa\u00f1a<\/p>\n\n\n\n<p>\u25cf&nbsp;&nbsp;&nbsp;&nbsp;&nbsp;<strong>Acceso<\/strong>: P\u00fablico, dirigido a profesorado, alumnado (previa invitaci\u00f3n) y cualquier persona interesada.<\/p>\n\n\n\n<p>\u25cf&nbsp;&nbsp;&nbsp;&nbsp;&nbsp;El evento se emitir\u00e1 online a trav\u00e9s del canal oficial de YouTube de la RAC<br><a href=\"https:\/\/www.youtube.com\/c\/RealAcademiadeCienciasExactasFisicasNaturales\" target=\"_blank\" rel=\"noreferrer noopener\">https:\/\/www.youtube.com\/c\/RealAcademiadeCienciasExactasFisicasNaturales<\/a><\/p>\n","protected":false},"excerpt":{"rendered":"<p>\u00b7\u00a0\u00a0\u00a0\u00a0\u00a0\u00a0\u00a0\u00a0\u00a0\u2018Las matem\u00e1ticas y la esperanza\u2019, lema de la edici\u00f3n de 2026 La Federaci\u00f3n Espa\u00f1ola de Sociedades de Profesores de Matem\u00e1ticas (FESPM) celebrar\u00e1 este jueves 12 de marzo en Madrid un acto con motivo del D\u00eda Internacional de las Matem\u00e1ticas, que tendr\u00e1 lugar en la Real Academia de Ciencias Exactas, F\u00edsicas y Naturales de Espa\u00f1a (RAC) [&hellip;]<\/p>\n","protected":false},"author":6,"featured_media":3511,"comment_status":"closed","ping_status":"closed","sticky":false,"template":"","format":"standard","meta":{"footnotes":""},"categories":[5,7,41,52,4,48],"tags":[],"class_list":["post-3510","post","type-post","status-publish","format-standard","has-post-thumbnail","hentry","category-actividades","category-actualidad","category-comunicacion","category-destacados","category-fespm","category-matematicas-en-la-calle"],"_links":{"self":[{"href":"https:\/\/fespm.es\/index.php\/wp-json\/wp\/v2\/posts\/3510","targetHints":{"allow":["GET"]}}],"collection":[{"href":"https:\/\/fespm.es\/index.php\/wp-json\/wp\/v2\/posts"}],"about":[{"href":"https:\/\/fespm.es\/index.php\/wp-json\/wp\/v2\/types\/post"}],"author":[{"embeddable":true,"href":"https:\/\/fespm.es\/index.php\/wp-json\/wp\/v2\/users\/6"}],"replies":[{"embeddable":true,"href":"https:\/\/fespm.es\/index.php\/wp-json\/wp\/v2\/comments?post=3510"}],"version-history":[{"count":1,"href":"https:\/\/fespm.es\/index.php\/wp-json\/wp\/v2\/posts\/3510\/revisions"}],"predecessor-version":[{"id":3512,"href":"https:\/\/fespm.es\/index.php\/wp-json\/wp\/v2\/posts\/3510\/revisions\/3512"}],"wp:featuredmedia":[{"embeddable":true,"href":"https:\/\/fespm.es\/index.php\/wp-json\/wp\/v2\/media\/3511"}],"wp:attachment":[{"href":"https:\/\/fespm.es\/index.php\/wp-json\/wp\/v2\/media?parent=3510"}],"wp:term":[{"taxonomy":"category","embeddable":true,"href":"https:\/\/fespm.es\/index.php\/wp-json\/wp\/v2\/categories?post=3510"},{"taxonomy":"post_tag","embeddable":true,"href":"https:\/\/fespm.es\/index.php\/wp-json\/wp\/v2\/tags?post=3510"}],"curies":[{"name":"wp","href":"https:\/\/api.w.org\/{rel}","templated":true}]}}