{"id":3202,"date":"2025-04-06T19:41:00","date_gmt":"2025-04-06T17:41:00","guid":{"rendered":"https:\/\/fespm.es\/?p=3202"},"modified":"2025-06-03T21:12:00","modified_gmt":"2025-06-03T19:12:00","slug":"2025-murcia-vii-omn-alevin","status":"publish","type":"post","link":"https:\/\/fespm.es\/index.php\/2025\/04\/06\/2025-murcia-vii-omn-alevin\/","title":{"rendered":"2025 Murcia. VII OMN Alev\u00edn"},"content":{"rendered":"<div class=\"wp-block-image\">\n<figure class=\"aligncenter size-large is-resized\"><img loading=\"lazy\" decoding=\"async\" width=\"1024\" height=\"746\" src=\"https:\/\/fespm.es\/wp-content\/uploads\/2025\/04\/imagen-1024x746.png\" alt=\"\" class=\"wp-image-3240\" style=\"width:391px;height:284px\" srcset=\"https:\/\/fespm.es\/wp-content\/uploads\/2025\/04\/imagen-1024x746.png 1024w, https:\/\/fespm.es\/wp-content\/uploads\/2025\/04\/imagen-300x218.png 300w, https:\/\/fespm.es\/wp-content\/uploads\/2025\/04\/imagen-768x559.png 768w, https:\/\/fespm.es\/wp-content\/uploads\/2025\/04\/imagen-600x437.png 600w, https:\/\/fespm.es\/wp-content\/uploads\/2025\/04\/imagen.png 1155w\" sizes=\"auto, (max-width: 1024px) 100vw, 1024px\" \/><\/figure><\/div>\n\n\n<p>La s\u00e9ptima edici\u00f3n de la Olimpiada Matem\u00e1tica Nacional Alev\u00edn para alumnado de primaria ya est\u00e1 en marcha. En esta ocasi\u00f3n ser\u00e1 la Sociedad de Educaci\u00f3n Matem\u00e1tica de la Regi\u00f3n de Murcia la encargada de su organizaci\u00f3n.<\/p>\n\n\n\n<p>La Olimpiada se celebrar\u00e1 entre los d\u00edas 25 y 28 de junio, aloj\u00e1ndose los alumnos y alumnas clasificados en \u00abLos Alc\u00e1zares\u00bb.<\/p>\n\n\n\n<p>Toda la informaci\u00f3n la podr\u00e1n encontrar en la web que para la ocasi\u00f3n ha publicado la SEMRM en el siguiente enlace: <\/p>\n\n\n\n<p><a href=\"https:\/\/semrm.com\/?m=olimpiada&amp;p=vii-omna\" target=\"_blank\" rel=\"noreferrer noopener\">Informaci\u00f3n VII OMN Alev\u00edn<\/a><\/p>\n\n\n\n<p>Las inscripciones del alumnado clasificado para esta Olimpiada Nacional Alev\u00edn se realizar\u00e1 a trav\u00e9s del enlace del formulario de la Federaci\u00f3n y ser\u00e1n los responsables de cada Sociedad los que proporciones las claves para poder formalizar esta <a rel=\"noreferrer noopener\" href=\"https:\/\/formulario.fespm.es\/\" target=\"_blank\">inscripci\u00f3n<\/a>. Pueden descargarse la <a href=\"http:\/\/fespm.es\/wp-content\/uploads\/2025\/05\/autorizacion_OMN_2025.pdf\" target=\"_blank\" rel=\"noreferrer noopener\">autorizaci\u00f3n<\/a> para que el alumnado pueda asistir a la Olimpiada.<\/p>\n\n\n\n<p>Desde Murcia nos mandan este documento con el <a href=\"http:\/\/fespm.es\/wp-content\/uploads\/2025\/06\/Material-Necesario-VII-OMNAJun_Murcia2025.pdf\">material necesario<\/a>.<\/p>\n\n\n\n<p>Por el momento esperar a que las Sociedades participantes en esta edici\u00f3n y alguna entidad invitada se preparen y realicen sus fases clasificatorias.<\/p>\n\n\n\n<p><\/p>\n","protected":false},"excerpt":{"rendered":"<p>La s\u00e9ptima edici\u00f3n de la Olimpiada Matem\u00e1tica Nacional Alev\u00edn para alumnado de primaria ya est\u00e1 en marcha. En esta ocasi\u00f3n ser\u00e1 la Sociedad de Educaci\u00f3n Matem\u00e1tica de la Regi\u00f3n de Murcia la encargada de su organizaci\u00f3n. La Olimpiada se celebrar\u00e1 entre los d\u00edas 25 y 28 de junio, aloj\u00e1ndose los alumnos y alumnas clasificados en [&hellip;]<\/p>\n","protected":false},"author":3,"featured_media":0,"comment_status":"closed","ping_status":"closed","sticky":false,"template":"","format":"standard","meta":{"footnotes":""},"categories":[9,101,50],"tags":[],"class_list":["post-3202","post","type-post","status-publish","format-standard","hentry","category-olimpiada-matematica","category-2025-murcia","category-olimpiada-matematica-primaria"],"_links":{"self":[{"href":"https:\/\/fespm.es\/index.php\/wp-json\/wp\/v2\/posts\/3202","targetHints":{"allow":["GET"]}}],"collection":[{"href":"https:\/\/fespm.es\/index.php\/wp-json\/wp\/v2\/posts"}],"about":[{"href":"https:\/\/fespm.es\/index.php\/wp-json\/wp\/v2\/types\/post"}],"author":[{"embeddable":true,"href":"https:\/\/fespm.es\/index.php\/wp-json\/wp\/v2\/users\/3"}],"replies":[{"embeddable":true,"href":"https:\/\/fespm.es\/index.php\/wp-json\/wp\/v2\/comments?post=3202"}],"version-history":[{"count":9,"href":"https:\/\/fespm.es\/index.php\/wp-json\/wp\/v2\/posts\/3202\/revisions"}],"predecessor-version":[{"id":3324,"href":"https:\/\/fespm.es\/index.php\/wp-json\/wp\/v2\/posts\/3202\/revisions\/3324"}],"wp:attachment":[{"href":"https:\/\/fespm.es\/index.php\/wp-json\/wp\/v2\/media?parent=3202"}],"wp:term":[{"taxonomy":"category","embeddable":true,"href":"https:\/\/fespm.es\/index.php\/wp-json\/wp\/v2\/categories?post=3202"},{"taxonomy":"post_tag","embeddable":true,"href":"https:\/\/fespm.es\/index.php\/wp-json\/wp\/v2\/tags?post=3202"}],"curies":[{"name":"wp","href":"https:\/\/api.w.org\/{rel}","templated":true}]}}