{"id":3189,"date":"2025-01-18T21:17:31","date_gmt":"2025-01-18T19:17:31","guid":{"rendered":"https:\/\/fespm.es\/?p=3189"},"modified":"2025-11-17T21:37:14","modified_gmt":"2025-11-17T19:37:14","slug":"magia-en-el-pais-de-las-matematicas","status":"publish","type":"post","link":"https:\/\/fespm.es\/index.php\/2025\/01\/18\/magia-en-el-pais-de-las-matematicas\/","title":{"rendered":"Magia en el pa\u00eds de las matem\u00e1ticas"},"content":{"rendered":"\n<p class=\"has-medium-font-size\">Pedro Alegr\u00eda<\/p>\n\n\n\n<p class=\"has-medium-font-size\"> El mundo de las matem\u00e1ticas entendido tambi\u00e9n como una forma de magia asombrosa y divertida de la mano de Lewis Carroll y Alicia en el pa\u00eds de las maravillas.<\/p>\n\n\n\n<p>Magia y matem\u00e1ticas han estado entrelazadas a lo largo de la historia. Las antiguas civilizaciones china y egipcia, la escuela pitag\u00f3rica o la filosof\u00eda de Plat\u00f3n consideraron los n\u00fameros como entidades casi m\u00e1gicas, reveladoras de la verdad oculta del universo y de la naturaleza. Este libro se sumerge en el mundo de las matem\u00e1ticas, entendido no solo como un lenguaje abstracto de f\u00f3rmulas y ecuaciones, sino como una forma de magia asombrosa y divertida. De la mano de Alicia y su gu\u00eda el Conejo Blanco, c\u00e9lebres personajes de la obra de Lewis Carroll, este libro se adentra en el \u201cpa\u00eds de las maravillas matem\u00e1ticas\u201d. A trav\u00e9s de una gran variedad de juegos y acertijos, invita a descubrir c\u00f3mo principios matem\u00e1ticos sencillos, relacionados con el \u00e1lgebra, la probabilidad y la teor\u00eda de n\u00fameros, pueden crear ilusiones sorprendentes, haciendo que estos conceptos resulten accesibles y amenos, y estimulando la curiosidad y aprendizaje pr\u00e1ctico. Con un enfoque pedag\u00f3gico que combina historia y humor, se dirige tanto a estudiantes como profesores que busquen aprender y ense\u00f1ar matem\u00e1ticas de una manera l\u00fadica y singular, sin necesidad de conocimientos previos profundos.<\/p>\n\n\n\n<p class=\"has-medium-font-size\"><strong>Pedro Alegr\u00eda<\/strong><\/p>\n\n\n\n<figure class=\"wp-block-image size-full is-resized\"><img loading=\"lazy\" decoding=\"async\" src=\"https:\/\/fespm.es\/wp-content\/uploads\/2025\/01\/Captura-de-pantalla-2021-05-14-a-las-1.44.26.png\" alt=\"\" class=\"wp-image-3190\" width=\"252\" height=\"139\" srcset=\"https:\/\/fespm.es\/wp-content\/uploads\/2025\/01\/Captura-de-pantalla-2021-05-14-a-las-1.44.26.png 998w, https:\/\/fespm.es\/wp-content\/uploads\/2025\/01\/Captura-de-pantalla-2021-05-14-a-las-1.44.26-300x167.png 300w, https:\/\/fespm.es\/wp-content\/uploads\/2025\/01\/Captura-de-pantalla-2021-05-14-a-las-1.44.26-768x428.png 768w, https:\/\/fespm.es\/wp-content\/uploads\/2025\/01\/Captura-de-pantalla-2021-05-14-a-las-1.44.26-600x334.png 600w\" sizes=\"auto, (max-width: 252px) 100vw, 252px\" \/><\/figure>\n\n\n\n<p>Es matem\u00e1tico y mago. Ha sido profesor universitario de matem\u00e1ticas y es autor de varios libros y art\u00edculos relacionados con la docencia e investigaci\u00f3n matem\u00e1ticas. Siempre le ha gustado prestar atenci\u00f3n a la formaci\u00f3n preuniversitaria y sigue colaborando en la organizaci\u00f3n y preparaci\u00f3n de olimpiadas matem\u00e1ticas. Por su afici\u00f3n a la magia, ha colaborado y participado en congresos m\u00e1gicos y, como miembro del grupo Alquimia, ha desarrollado varios espect\u00e1culos dram\u00e1tico-m\u00e1gicos. En el campo de la divulgaci\u00f3n matem\u00e1tica, ha escrito una gran variedad de art\u00edculos y ha impartido multitud de conferencias divulgativas en las que entremezcla su pasi\u00f3n por las matem\u00e1ticas y la magia. En dos ocasiones, junto a Juan Carlos Ruiz de Arcaute, ha sido finalista en la categor\u00eda \u201cPuesta en escena\u201d del concurso Ciencia en Acci\u00f3n. Public\u00f3 el libro Magia por principios, mostrando propiedades matem\u00e1ticas ocultas en la magia. Durante 18 a\u00f1os mantuvo la secci\u00f3n \u201cRinc\u00f3n matem\u00e1gico\u201d del portal DIVULGAMAT desvelando la belleza de la magia matem\u00e1tica.<\/p>\n\n\n\n<p class=\"has-medium-font-size\"><strong><a href=\"https:\/\/fespm.es\/index.php\/2013\/03\/20\/formulario-de-pedido-al-servicio-de-publicaciones\/\">Pedidos<\/a><\/strong><\/p>\n","protected":false},"excerpt":{"rendered":"<p>Pedro Alegr\u00eda El mundo de las matem\u00e1ticas entendido tambi\u00e9n como una forma de magia asombrosa y divertida de la mano de Lewis Carroll y Alicia en el pa\u00eds de las maravillas. Magia y matem\u00e1ticas han estado entrelazadas a lo largo de la historia. Las antiguas civilizaciones china y egipcia, la escuela pitag\u00f3rica o la filosof\u00eda [&hellip;]<\/p>\n","protected":false},"author":4,"featured_media":3191,"comment_status":"closed","ping_status":"closed","sticky":false,"template":"","format":"standard","meta":{"footnotes":""},"categories":[16],"tags":[],"class_list":["post-3189","post","type-post","status-publish","format-standard","has-post-thumbnail","hentry","category-servicio-de-publicaciones"],"_links":{"self":[{"href":"https:\/\/fespm.es\/index.php\/wp-json\/wp\/v2\/posts\/3189","targetHints":{"allow":["GET"]}}],"collection":[{"href":"https:\/\/fespm.es\/index.php\/wp-json\/wp\/v2\/posts"}],"about":[{"href":"https:\/\/fespm.es\/index.php\/wp-json\/wp\/v2\/types\/post"}],"author":[{"embeddable":true,"href":"https:\/\/fespm.es\/index.php\/wp-json\/wp\/v2\/users\/4"}],"replies":[{"embeddable":true,"href":"https:\/\/fespm.es\/index.php\/wp-json\/wp\/v2\/comments?post=3189"}],"version-history":[{"count":2,"href":"https:\/\/fespm.es\/index.php\/wp-json\/wp\/v2\/posts\/3189\/revisions"}],"predecessor-version":[{"id":3193,"href":"https:\/\/fespm.es\/index.php\/wp-json\/wp\/v2\/posts\/3189\/revisions\/3193"}],"wp:featuredmedia":[{"embeddable":true,"href":"https:\/\/fespm.es\/index.php\/wp-json\/wp\/v2\/media\/3191"}],"wp:attachment":[{"href":"https:\/\/fespm.es\/index.php\/wp-json\/wp\/v2\/media?parent=3189"}],"wp:term":[{"taxonomy":"category","embeddable":true,"href":"https:\/\/fespm.es\/index.php\/wp-json\/wp\/v2\/categories?post=3189"},{"taxonomy":"post_tag","embeddable":true,"href":"https:\/\/fespm.es\/index.php\/wp-json\/wp\/v2\/tags?post=3189"}],"curies":[{"name":"wp","href":"https:\/\/api.w.org\/{rel}","templated":true}]}}