{"id":306,"date":"2012-03-14T07:58:34","date_gmt":"2012-03-14T07:58:34","guid":{"rendered":"http:\/\/fespm.semrm.com\/index.php\/2012\/03\/14\/xiii-dia-escolar-de-las-matematicas\/"},"modified":"2012-03-14T07:58:34","modified_gmt":"2012-03-14T07:58:34","slug":"xiii-dia-escolar-de-las-matematicas","status":"publish","type":"post","link":"https:\/\/fespm.es\/index.php\/2012\/03\/14\/xiii-dia-escolar-de-las-matematicas\/","title":{"rendered":"XIII D\u00eda escolar de las matem\u00e1ticas"},"content":{"rendered":"<p>El <strong>XIII D\u00eda escolar de las matem\u00e1ticas<\/strong> lo dedicaremos a la relaci\u00f3n entre <strong>Matem\u00e1ticas y econom\u00eda<\/strong>. Qu\u00e9 las matem\u00e1ticas son esenciales para entender las noticias econ\u00f3micas, tan de actualidad, no sorprende a nadie.  Proponemos explorar algunas de estas relaciones.<\/p>\n<p>En esta web, as\u00ed como en el cuadernillo <em>Matem\u00e1ticas y econom\u00eda. Ventajas de la cooperaci\u00f3n<\/em> elaborado por <strong>Vicente Liern Carri\u00f3n<\/strong> os proponemos actividades para diferentes niveles educativos: desde propuestas sencillas de estudio de los porcentajes de las rebajas, hasta actividades m\u00e1s avanzadas para entender conceptos econ\u00f3micos como el equilibrio de Nash.<\/p>\n<p>Algunas actividades se han pensado espec\u00edficamente como contribuci\u00f3n al <strong>A\u00f1o internacional de las Cooperativas<\/strong>.<\/p>\n","protected":false},"excerpt":{"rendered":"<p>El XIII D\u00eda escolar de las matem\u00e1ticas lo dedicaremos a la relaci\u00f3n entre Matem\u00e1ticas y econom\u00eda. Qu\u00e9 las matem\u00e1ticas son esenciales para entender las noticias econ\u00f3micas, tan de actualidad, no sorprende a nadie. Proponemos explorar algunas de estas relaciones. En esta web, as\u00ed como en el cuadernillo Matem\u00e1ticas y econom\u00eda. Ventajas de la cooperaci\u00f3n elaborado [&hellip;]<\/p>\n","protected":false},"author":1,"featured_media":0,"comment_status":"closed","ping_status":"open","sticky":false,"template":"","format":"standard","meta":{"footnotes":""},"categories":[24],"tags":[],"class_list":["post-306","post","type-post","status-publish","format-standard","hentry","category-dem-2012"],"_links":{"self":[{"href":"https:\/\/fespm.es\/index.php\/wp-json\/wp\/v2\/posts\/306","targetHints":{"allow":["GET"]}}],"collection":[{"href":"https:\/\/fespm.es\/index.php\/wp-json\/wp\/v2\/posts"}],"about":[{"href":"https:\/\/fespm.es\/index.php\/wp-json\/wp\/v2\/types\/post"}],"author":[{"embeddable":true,"href":"https:\/\/fespm.es\/index.php\/wp-json\/wp\/v2\/users\/1"}],"replies":[{"embeddable":true,"href":"https:\/\/fespm.es\/index.php\/wp-json\/wp\/v2\/comments?post=306"}],"version-history":[{"count":0,"href":"https:\/\/fespm.es\/index.php\/wp-json\/wp\/v2\/posts\/306\/revisions"}],"wp:attachment":[{"href":"https:\/\/fespm.es\/index.php\/wp-json\/wp\/v2\/media?parent=306"}],"wp:term":[{"taxonomy":"category","embeddable":true,"href":"https:\/\/fespm.es\/index.php\/wp-json\/wp\/v2\/categories?post=306"},{"taxonomy":"post_tag","embeddable":true,"href":"https:\/\/fespm.es\/index.php\/wp-json\/wp\/v2\/tags?post=306"}],"curies":[{"name":"wp","href":"https:\/\/api.w.org\/{rel}","templated":true}]}}