{"id":305,"date":"2012-03-08T16:57:48","date_gmt":"2012-03-08T16:57:48","guid":{"rendered":"http:\/\/fespm.semrm.com\/index.php\/2012\/03\/08\/primer-anuncio-vii-cibem\/"},"modified":"2012-03-08T16:57:48","modified_gmt":"2012-03-08T16:57:48","slug":"primer-anuncio-vii-cibem","status":"publish","type":"post","link":"https:\/\/fespm.es\/index.php\/2012\/03\/08\/primer-anuncio-vii-cibem\/","title":{"rendered":"Primer anuncio VII CIBEM"},"content":{"rendered":"<p>Se ha publicado el primer anuncio del <strong>VII Congreso Iberoamericano de Educaci\u00f3n Matem\u00e1tica (VII CIBEM)<\/strong> que tendr\u00e1 lugar en Montevideo, del 16 al 20 de septiembre de 2013.<\/p>\n<p><a href=\"sites\/fespm.es\/IMG\/http:\/\/www.cibem.org\/paginas\/img\/Primer_Anuncio.pdf\">Primer_Anuncio.pdf<\/a><\/p>\n<p>Este congreso est\u00e1 convocado por la <a href=\"http:\/\/www.fisem.org\/\">Federaci\u00f3n Iberoamericana de Sociedades de Educaci\u00f3n Matem\u00e1tica<\/a> que ha designado para su organizaci\u00f3n a la <a href=\"http:\/\/www.semur.edu.uy\/\">Sociedad de Educaci\u00f3n Matem\u00e1tica Uruguaya (SEMUR)<\/a>.<\/p>\n<p>Animamos a todos los docentes a participar y sobre todo a compartir experiencias que ya pueden enviar a trav\u00e9s de <a href=\"http:\/\/www.cibem7.semur.edu.uy\/home.php\">la web del Congreso<\/a><\/p>\n","protected":false},"excerpt":{"rendered":"<p>Se ha publicado el primer anuncio del VII Congreso Iberoamericano de Educaci\u00f3n Matem\u00e1tica (VII CIBEM) que tendr\u00e1 lugar en Montevideo, del 16 al 20 de septiembre de 2013. Primer_Anuncio.pdf Este congreso est\u00e1 convocado por la Federaci\u00f3n Iberoamericana de Sociedades de Educaci\u00f3n Matem\u00e1tica que ha designado para su organizaci\u00f3n a la Sociedad de Educaci\u00f3n Matem\u00e1tica Uruguaya [&hellip;]<\/p>\n","protected":false},"author":1,"featured_media":304,"comment_status":"closed","ping_status":"open","sticky":false,"template":"","format":"standard","meta":{"footnotes":""},"categories":[7],"tags":[],"class_list":["post-305","post","type-post","status-publish","format-standard","has-post-thumbnail","hentry","category-actualidad"],"_links":{"self":[{"href":"https:\/\/fespm.es\/index.php\/wp-json\/wp\/v2\/posts\/305","targetHints":{"allow":["GET"]}}],"collection":[{"href":"https:\/\/fespm.es\/index.php\/wp-json\/wp\/v2\/posts"}],"about":[{"href":"https:\/\/fespm.es\/index.php\/wp-json\/wp\/v2\/types\/post"}],"author":[{"embeddable":true,"href":"https:\/\/fespm.es\/index.php\/wp-json\/wp\/v2\/users\/1"}],"replies":[{"embeddable":true,"href":"https:\/\/fespm.es\/index.php\/wp-json\/wp\/v2\/comments?post=305"}],"version-history":[{"count":0,"href":"https:\/\/fespm.es\/index.php\/wp-json\/wp\/v2\/posts\/305\/revisions"}],"wp:featuredmedia":[{"embeddable":true,"href":"https:\/\/fespm.es\/index.php\/wp-json\/wp\/v2\/media\/304"}],"wp:attachment":[{"href":"https:\/\/fespm.es\/index.php\/wp-json\/wp\/v2\/media?parent=305"}],"wp:term":[{"taxonomy":"category","embeddable":true,"href":"https:\/\/fespm.es\/index.php\/wp-json\/wp\/v2\/categories?post=305"},{"taxonomy":"post_tag","embeddable":true,"href":"https:\/\/fespm.es\/index.php\/wp-json\/wp\/v2\/tags?post=305"}],"curies":[{"name":"wp","href":"https:\/\/api.w.org\/{rel}","templated":true}]}}