{"id":300,"date":"2012-02-29T23:10:29","date_gmt":"2012-02-29T23:10:29","guid":{"rendered":"http:\/\/fespm.semrm.com\/index.php\/2012\/02\/29\/ii-edicion-de-cursos-de-formacion-a-distancia-de-la-fespm-2012\/"},"modified":"2012-02-29T23:10:29","modified_gmt":"2012-02-29T23:10:29","slug":"ii-edicion-de-cursos-de-formacion-a-distancia-de-la-fespm-2012","status":"publish","type":"post","link":"https:\/\/fespm.es\/index.php\/2012\/02\/29\/ii-edicion-de-cursos-de-formacion-a-distancia-de-la-fespm-2012\/","title":{"rendered":"II Edici\u00f3n de cursos de formaci\u00f3n a distancia de la FESPM &#8211; 2012"},"content":{"rendered":"<p>La Federaci\u00f3n Espa\u00f1ola de Sociedades de Profesores de Matem\u00e1ticas, en su af\u00e1n de promover actividades que considera de inter\u00e9s para la mejora de la ense\u00f1anza y el aprendizaje de las Matem\u00e1ticas e intentando ofrecer un servicio m\u00e1s al profesorado de matem\u00e1ticas, convoca la II Edici\u00f3n de Cursos de Formaci\u00f3n a Distancia, para el a\u00f1o 2012.<\/p>\n<h2>Cursos convocados<\/h2>\n<p>&#8211; <strong><a href=\"#materiales\">Materiales y Recursos en el aula de Primaria<\/a><\/strong><br \/>\n<br \/>Aborda la formaci\u00f3n sobre materiales y  recursos con la tarea principal fomentar \u00e9sta mediante la elaboraci\u00f3n, an\u00e1lisis, organizaci\u00f3n? de materiales o actividades de aprendizaje del alumnado y\/o evaluaci\u00f3n, aplicables directamente en clase, de car\u00e1cter did\u00e1cticamente novedoso, as\u00ed como para la evaluaci\u00f3n de dicha aplicaci\u00f3n.<br \/>\n&#8211; <strong><a href=\"#softlibre\">Matem\u00e1ticas a trav\u00e9s de software libre<\/a><\/strong><br \/>\n<br \/>La formaci\u00f3n t\u00e9cnica, que sirva para aprender o mejorar en el manejo y explotaci\u00f3n did\u00e1ctica de instrumentos t\u00e9cnicos de uso en clase o en el centro y que se complementa desde el punto de vista del desarrollo curricular, orientado al aprendizaje en la elaboraci\u00f3n de programaciones, proyectos de car\u00e1cter innovador, planes de intervenci\u00f3n, sistemas de evaluaci\u00f3n, estrategias metodol\u00f3gicas generales?, dirigidos al alumnado.<br \/>\n&#8211; <strong><a href=\"#historia\">II Seminario sobre historia de las matem\u00e1ticas. Algunos hitos en el avance de las matem\u00e1ticas<\/a><\/strong><br \/>\n<br \/>Se pretende hacer patente la forma peculiar en que aparecen las ideas en matem\u00e1ticas, enmarc\u00e1ndolas temporal y espacialmente, junto con sus motivaciones precedentes y sus aplicaciones posteriores. Adem\u00e1s de incluir los conocimientos adquiridos sobre la historia de las matem\u00e1ticas en el uso de nuevas metodolog\u00edas para ense\u00f1ar matem\u00e1ticas.<br \/>\n&#8211; <strong><a href=\"#calculadora\">La calculadora cient\u00edfica como recurso en las matem\u00e1ticas de ESO y Bachillerato<\/a><\/strong><br \/>\n<br \/>Ofrecer la informaci\u00f3n necesaria para conocer y dominar la calculadora cient\u00edfica y conocer las posibilidades did\u00e1cticas para su utilizaci\u00f3n como un recurso m\u00e1s en el \u00e1rea de matem\u00e1ticas son los objetivos principales de este curso. Este curso se realiza con la colaboraci\u00f3n de la <a href=\"http:\/\/www.aulacasio.com\/\">Divisi\u00f3n Did\u00e1ctica CASIO ? FLAMAGAS<\/a>.<br \/>\n&#8211; <strong><a href=\"#geogebra\">Iniciaci\u00f3n a GeoGebra 4 para Educaci\u00f3n Secundaria<\/a><\/strong><br \/>\n<br \/>El objetivo principal es animar a usar las construcciones de GeoGebra como un\u00a0recurso did\u00e1ctico\u00a0que ha demostrado ser \u00fatil y enriquecedor en la pr\u00e1ctica de la docencia de las Matem\u00e1ticas. Al tiempo, se ofrecer\u00e1n los procedimientos para realizar nuestras propias construcciones.<br \/>\n&#8211; <strong><a href=\"#exelearning\">Edici\u00f3n de materiales educativos digitales para Matem\u00e1ticas con eXe Learning y Cmap Tools<\/a><\/strong><br \/>\n<br \/>El objetivo general del curso es facilitar a los docentes un software completo, de calidad y gratuito, con el fin de que puedan crear sus propios recursos did\u00e1cticos digitales para Matem\u00e1ticas, integr\u00e1ndolo todo en un mismo entorno.<\/p>\n<h2>Matr\u00edcula y Certificaci\u00f3n<\/h2>\n<p>El periodo de matriculaci\u00f3n comprender\u00e1 desde el 5 de marzo al 12 de abril de 2012, ambos incluidos. <\/p>\n<p>En el momento de realizar la petici\u00f3n o solicitud de matr\u00edcula la persona quedar\u00e1 autom\u00e1ticamente asignada a los cursos solicitados, disponiendo de cinco d\u00edas de plazo para realizar el pago. <\/p>\n<p>Si transcurridos dichos 5 d\u00edas no ha realizado el pago, autom\u00e1ticamente la solicitud de matr\u00edcula quedar\u00e1 anulada. <\/p>\n<h2>Solicitud<\/h2>\n<p>En la solicitud se podr\u00e1n seleccionar hasta dos cursos, y la asignaci\u00f3n ser\u00e1 inmediata siempre que queden plazas disponibles en los cursos solicitados. La solicitud se realizar\u00e1 a trav\u00e9s de el siguiente <a href=\"spip.php?page=form&#038;id_form=4\">formulario de inscripci\u00f3n<\/a>.<\/p>\n<h2>N\u00famero de plazas<\/h2>\n<p>Todos los cursos se convocan con un n\u00famero m\u00e1ximo de 90 plazas.<\/p>\n<h2>Pago de la matr\u00edcula<\/h2>\n<p>Una vez realizada la petici\u00f3n se dispondr\u00e1 de cinco d\u00edas para realizar el pago correspondiente de la matr\u00edcula, que ser\u00e1:<br \/>\n&#8211; 50 euros por alumno y curso.<br \/>\n&#8211; 30 euros para socios de alguna Sociedad de la Federaci\u00f3n Espa\u00f1ola de Profesores de Matem\u00e1ticas, por alumno y curso.<\/p>\n<p>La cuota de inscripci\u00f3n se abonar\u00e1 a nombre de la FEDERACI\u00d3N ESPA\u00d1OLA DE SOCIEDADES DE PROFESORES DE MATEM\u00c1TICAS en la cuenta:<\/p>\n<div style=\"text-align:center\">\n2100 2153 35 02 00178366<br \/>\n<br \/>IBAN: ES43 2100 2153 3502 0017 8366\n<\/div>\n<p>A los alumnos matriculados se les facilitar\u00e1 la clave de acceso al sistema para el seguimiento de los cursos, estando previsto el inicio del periodo lectivo el d\u00eda 9 de abril de 2012.<\/p>\n<h2>Certificaci\u00f3n<\/h2>\n<p>Para los participantes que superen los cursos, se emitir\u00e1 certificado correspondiente a un total de 60 horas lectivas. Por parte de la Federaci\u00f3n Espa\u00f1ola de Sociedades de Profesores de Matem\u00e1ticas se solicitar\u00e1 la homologaci\u00f3n de las actividades de formaci\u00f3n al Ministerio de Educaci\u00f3n.<\/p>\n<h2>Calendario<\/h2>\n<p>El calendario general para esta convocatoria ser\u00e1 el siguiente:<br \/>\n&#8211; Periodo de matriculaci\u00f3n: desde el 5 de marzo al 12 de abril de 2012.<br \/>\n&#8211; Periodo lectivo: desde el 24 de abril al 15 de junio de 2012. <\/p>\n<h2>Metodolog\u00eda<\/h2>\n<p>El proyecto en su conjunto se basa en la realizaci\u00f3n de actividades de formaci\u00f3n a distancia usando Internet como herramienta.<br \/>\n<br \/>El material es aportado por el profesorado de cada curso y suministrado a los alumnos participantes a trav\u00e9s de la p\u00e1gina web espec\u00edfica de cada curso.<\/p>\n<h2>Informaci\u00f3n detallada de los cursos<\/h2>\n<p><a name=\"materiales\" ><\/a><\/p>\n<h2>MATERIALES Y RECURSOS EN EL AULA DE PRIMARIA<\/h2>\n<p><strong>Objetivos<\/strong><br \/>\n&#8211; Percibir la necesidad de materiales y recursos manipulativos y figurativos para la ense\u00f1anza de las matem\u00e1ticas de la educaci\u00f3n primaria.<br \/>\n&#8211; Conocer y manejar materiales y recursos did\u00e1cticos para la ense\u00f1anza de los distintos bloques de contenido de las Matem\u00e1ticas de educaci\u00f3n primaria, incluyendo las nuevas tecnolog\u00edas y los medios audiovisuales.<br \/>\n&#8211; Estudiar las cualidades educativas de estos materiales y relacionarlas con las finalidades educativas de la etapa.<br \/>\n&#8211; Dise\u00f1ar, seleccionar y organizar tareas de aprendizaje para los escolares con el uso de esos materiales y recursos.<br \/>\n&#8211; Conocer y manejar fuentes de informaci\u00f3n sobre materiales y recursos para la ense\u00f1anza de las Matem\u00e1ticas.<\/p>\n<p><strong>Contenidos<\/strong><br \/>\n&#8211; Aprendizaje de las matem\u00e1ticas, manipulaci\u00f3n y representaci\u00f3n.<br \/>\n&#8211; Los materiales y recursos en el aprendizaje de las matem\u00e1ticas<br \/>\n&#8211; Materiales para la ense\u00f1anza y aprendizaje del n\u00famero I<br \/>\n&#8211; Materiales para la ense\u00f1anza y aprendizaje del n\u00famero II<br \/>\n&#8211; Materiales para la ense\u00f1anza de la geometr\u00eda<br \/>\n&#8211; Materiales para la ense\u00f1anza y aprendizaje de la medida<br \/>\n&#8211; Otros materiales<\/p>\n<p><strong>Tutores<\/strong><br \/>\n&#8211; Pablo Flores Mart\u00ednez. Universidad de Granada.<br \/>\n&#8211; Jordi Alba Rodr\u00edguez. Universidad de Granada<br \/>\n&#8211; Crist\u00f3bal Mac\u00edas Gil. CEIP Alfonso X el Sabio de Arcos de la Frontera.<br \/>\n&#8211; Luis Berenguer Cruz. Maestro y Profesor de Secundaria.<br \/>\n&#8211; Jos\u00e9 Miras Ruiz. CEIP Los Guindos de M\u00e1laga.<\/p>\n<p><a name=\"softlibre\"><\/a><\/p>\n<h2>MATEM\u00c1TICAS A TRAV\u00c9S DE SOFTWARE LIBRE<\/h2>\n<p><strong>Objetivos<\/strong><br \/>\n&#8211; Ofrecer informaci\u00f3n sobre distintos recursos de software libre de utilidad para el \u00e1rea de matem\u00e1ticas.<br \/>\n&#8211; Favorecer la utilizaci\u00f3n de las TIC en el \u00e1rea de matem\u00e1ticas.<br \/>\n&#8211; Facilitar material al profesorado para que utilice dichos recursos en el \u00e1rea de matem\u00e1ticas.<br \/>\n&#8211; Proponer actividades para la incorporaci\u00f3n de estos recursos al aula.<br \/>\n&#8211; Potenciar la utilizaci\u00f3n de software libre en el \u00e1mbito educativo.<\/p>\n<p><strong>Contenidos<\/strong><br \/>\n&#8211; Geometr\u00eda din\u00e1mica a trav\u00e9s de GeoGebra.<br \/>\n&#8211; C\u00e1lculo simb\u00f3lico y \u00e1lgebra a trav\u00e9s de software libre WxMaxima.<br \/>\n&#8211; Estudio y representaci\u00f3n de funciones.<br \/>\n&#8211; Estad\u00edstica a trav\u00e9s de software libre.<br \/>\n&#8211; Internet como recurso did\u00e1ctico para el \u00e1rea de matem\u00e1ticas.<\/p>\n<p><strong>Tutores<\/strong><br \/>\n&#8211; Agust\u00edn Carrillo de Albornoz Torres. Universidad de C\u00f3rdoba.<br \/>\n&#8211; Jos\u00e9 M\u00aa Chac\u00f3n \u00cd\u00f1igo. IES Llanes de Sevilla.<br \/>\n&#8211; Inmaculada Llamas Centeno. IES J\u00e1ndula de And\u00fajar (Ja\u00e9n).<\/p>\n<p><a name=\"historia\"><\/a><\/p>\n<h2>II SEMINARIO SOBRE HISTORIA. ALGUNOS HITOS EN EL AVANCE DE LAS MATEM\u00c1TICAS<\/h2>\n<p><strong>Objetivos<\/strong><br \/>\n&#8211; Hacer patente la forma peculiar en que aparecen las ideas en matem\u00e1ticas.<br \/>\n&#8211; Enmarcar temporal y espacialmente las grandes ideas en matem\u00e1ticas, junto con sus motivaciones precedentes y sus aplicaciones posteriores.<br \/>\n&#8211; Conocer mejor la dificultad intr\u00ednseca que conlleva la elaboraci\u00f3n de cualquier teor\u00eda en matem\u00e1ticas<br \/>\n&#8211; Incluir los conocimientos adquiridos sobre la historia de las matem\u00e1ticas en el uso de nuevas metodolog\u00edas para ense\u00f1ar matem\u00e1ticas.<br \/>\n&#8211; Dotar al profesorado asistente de materiales did\u00e1cticos aplicables a la ense\u00f1anza de las matem\u00e1ticas en el aula y fomentar actitudes positivas entorno al an\u00e1lisis y reflexi\u00f3n sobre la Historia de las matem\u00e1ticas.<\/p>\n<p><strong>Contenidos<\/strong><br \/>\n&#8211; El tri\u00e1ngulo aritm\u00e9tico o de Pascal.<br \/>\n&#8211; La aventura del meridiano. El sistema m\u00e9trico decimal.<br \/>\n&#8211; El Universo Matem\u00e1tico de Goldbach<br \/>\n&#8211; La matem\u00e1tica en la Grecia cl\u00e1sica. Sobre la medida del c\u00edrculo de Arqu\u00edmedes<\/p>\n<p><strong>Materiales elaborados por<\/strong><br \/>\n&#8211; Carlos S\u00e1nchez Fern\u00e1ndez. Catedr\u00e1tico de Historia de las Matem\u00e1ticas. Universidad de la Habana.<br \/>\n&#8211; Concepci\u00f3n Vald\u00e9s Castro. Catedr\u00e1tica de An\u00e1lisis matem\u00e1tico. Universidad de la Habana<br \/>\n&#8211; Carlos Us\u00f3n Villalba. Catedr\u00e1tico de matem\u00e1ticas del IES Marco Fabio Quintiliano de Calahorra, La Rioja. Miembro del comit\u00e9 de Historia de las matem\u00e1ticas del CEMAT<br \/>\n&#8211; Ana Garc\u00eda Azc\u00e1rate. Catedr\u00e1tica de matem\u00e1ticas del Instituto Espa\u00f1ol Lope de Vega, Nador, Marruecos. Autora del Libro \u00abLegendre. la honestidad de un cient\u00edfico\u00bb. Editorial Nivola<\/p>\n<p><strong>Tutores<\/strong><br \/>\n&#8211; Antonio Mellado Romero. CPR Murcia II<br \/>\n&#8211; Francisco G\u00f3mez Garc\u00eda. Profesor de matem\u00e1ticas del IES Prado Mayor. Totana<br \/>\n&#8211; Jos\u00e9 Jes\u00fas Rosell Escolar. Asesor de formaci\u00f3n. Asesor\u00eda de Matem\u00e1ticas del CPR de Lorca<br \/>\n<br \/>Los tres tutores pertenecen al grupo de Historia de las matem\u00e1ticas de Murcia<\/p>\n<p><a name=\"calculadora\"><\/a><\/p>\n<h2>LA CALCULADORA CIENT\u00cdFICA COMO RECURSO EN LAS MATEM\u00c1TICAS DE ESO Y BACHILLERATO<\/h2>\n<p><strong>Objetivos<\/strong><br \/>\n&#8211; Ofrecer la informaci\u00f3n necesaria para conocer y dominar la calculadora cient\u00edfica.<br \/>\n&#8211; Dar a conocer las posibilidades did\u00e1cticas para su utilizaci\u00f3n como un recurso m\u00e1s en el \u00e1rea de matem\u00e1ticas.<br \/>\n&#8211; Adquirir la formaci\u00f3n necesaria que permita dominar este recurso.<br \/>\n&#8211; Elaborar un material que pueda ser difundido sobre utilizaci\u00f3n de la calculadora cient\u00edfica en la ense\u00f1anza de las matem\u00e1ticas en los niveles educativos de ESO y Bachillerato.<br \/>\n&#8211; Mostrar experiencias did\u00e1cticas concretas sobre la utilizaci\u00f3n de la calculadora cient\u00edfica.<br \/>\n&#8211; Crear, por parte de los participantes, materiales did\u00e1cticos que utilicen la calculadora cient\u00edfica en ESO y Bachillerato.<\/p>\n<p><strong>Contenidos<\/strong><br \/>\n&#8211; Ofrecer la informaci\u00f3n necesaria para conocer y dominar la calculadora cient\u00edfica.<br \/>\n&#8211; Dar a conocer las posibilidades did\u00e1cticas para su utilizaci\u00f3n como un recurso m\u00e1s en el \u00e1rea de matem\u00e1ticas.<br \/>\n&#8211; Adquirir la formaci\u00f3n necesaria que permita dominar este recurso.<br \/>\n&#8211; Elaborar un material que pueda ser difundido sobre utilizaci\u00f3n de la calculadora cient\u00edfica en la ense\u00f1anza de las matem\u00e1ticas en los niveles educativos de ESO y Bachillerato.<br \/>\n&#8211; Mostrar experiencias did\u00e1cticas concretas sobre la utilizaci\u00f3n de la calculadora cient\u00edfica.<br \/>\n&#8211; Crear, por parte de los participantes, materiales did\u00e1cticos que utilicen la calculadora cient\u00edfica en ESO y Bachillerato.<\/p>\n<p><strong>Tutores<\/strong><br \/>\n&#8211; Encarnaci\u00f3n Amaro Parrado. IES Virgen de la Cabeza de Marmolejo (Ja\u00e9n).<br \/>\n&#8211; Manuel Amaro Parrado. IES J\u00e1ndula de And\u00fajar (Ja\u00e9n).<br \/>\n&#8211; Jos\u00e9 M\u00aa Chac\u00f3n \u00cd\u00f1igo. IES Llanes de Sevilla.<br \/>\n&#8211; Agust\u00edn Carrillo de Albornoz Torres. Universidad de C\u00f3rdoba.<\/p>\n<p>Este curso se realiza con la colaboraci\u00f3n de:<br \/>\n<a href=\"http:\/\/www.aulacasio.com\"><img loading=\"lazy\" decoding=\"async\" class=\" aligncenter size-full wp-image-299\" src=\"http:\/\/fespm.es\/wp-content\/uploads\/2012\/02\/dd-casio-flamagas-2.jpg\" alt=\"dd-casio-flamagas-2.jpg\" align=\"center\" width=\"1000\" height=\"334\" srcset=\"https:\/\/fespm.es\/wp-content\/uploads\/2012\/02\/dd-casio-flamagas-2.jpg 1000w, https:\/\/fespm.es\/wp-content\/uploads\/2012\/02\/dd-casio-flamagas-2-600x200.jpg 600w, https:\/\/fespm.es\/wp-content\/uploads\/2012\/02\/dd-casio-flamagas-2-300x100.jpg 300w, https:\/\/fespm.es\/wp-content\/uploads\/2012\/02\/dd-casio-flamagas-2-768x257.jpg 768w\" sizes=\"auto, (max-width: 1000px) 100vw, 1000px\" \/><\/a><\/p>\n<p><a name=\"geogebra\"><\/a><\/p>\n<h2>INICIACI\u00d3N A GeoGebra 4 EN EDUCACI\u00d3N SECUNDARIA<\/h2>\n<p><strong>Objetivos<\/strong><br \/>\n&#8211; Propiciar el conocimiento y utilizaci\u00f3n de GeoGebra para el desarrollo de diversos temas en la ESO y en el bachillerato.<br \/>\n&#8211; Conocer las rutinas b\u00e1sicas de GeoGebra.<br \/>\n&#8211; Elaborar figuras para su uso en las explicaciones del profesorado y\/o para su utilizaci\u00f3n o construcci\u00f3n directa por el alumnado.<br \/>\n&#8211; Facilitar recursos did\u00e1cticos ya elaborados, susceptibles de utilizaci\u00f3n directa en el aula.<br \/>\n&#8211; Contemplar la utilidad de crear y utilizar archivos html integrables en p\u00e1ginas web.<\/p>\n<p><strong>Contenidos<\/strong><br \/>\n&#8211; La interfaz de Geogebra 4. Introducci\u00f3n.<br \/>\n&#8211; Elementos del tri\u00e1ngulo.<br \/>\n&#8211; Clasificaci\u00f3n de n\u00fameros. Actividades con capas.<br \/>\n&#8211; Semejanza.<br \/>\n&#8211; Funciones.<br \/>\n&#8211; Progresiones, secuencias y c\u00f3digo html.<br \/>\n&#8211; Distribuciones de probabilidad.<br \/>\n&#8211; Derivadas e integrales.<br \/>\n&#8211; \u00c1ngulos en la circunferencia.<\/p>\n<p><strong>Tutores<\/strong><br \/>\n&#8211; Mar\u00eda Esperanza Gesteira Losada. IES S\u00e1nchez Cant\u00f3n, Pontevedra<br \/>\n&#8211; Ignacio Larrosa Ca\u00f1estro. IES Rafael Dieste.<br \/>\n&#8211; Fernando Zacar\u00edas Maceiras. IES As Mari\u00f1as, Betanzos.<br \/>\n&#8211; Enrique de la Torre Fern\u00e1ndez. Facultad. de CC. da Educaci\u00f3n, Universidade da Coru\u00f1a<\/p>\n<p><a name=\"exelearning\"><\/a><\/p>\n<h2>EDICI\u00d3N DE MATERIALES EDUCATIVOS DIGITALES PARA MATEM\u00c1TICAS CON eXe Learning y Cmap Tools<\/h2>\n<p><strong>Objetivos<\/strong><br \/>\n&#8211; Conocer, comprender y valorar los distintos tipos de licencias de autor , la importancia de crear materiales digitales utilizando est\u00e1ndares, as\u00ed como el empaquetado, la catalogaci\u00f3n y la secuenciaci\u00f3n de los recursos did\u00e1cticos digitales.<br \/>\n&#8211; Aprender a utilizar el software de autor eXe Learning, con el que podr\u00e1n crear y editar recursos did\u00e1cticos digitales para Matem\u00e1ticas en formato est\u00e1ndar, as\u00ed como la filosof\u00eda de composici\u00f3n por m\u00f3dulos o bloques denominados iDevices.<br \/>\n&#8211; Reutilizar y dar formato a los recursos propios para integrarlos en el entorno web que proporciona el programa eXe Learning, junto con elementos de nueva creaci\u00f3n.<br \/>\n&#8211; Componer materiales digitales utilizando el editor de texto enriquecido que incorpora el programa, junto con todas las posibilidades que permite, tanto para editar como para insertar objetos.<br \/>\n&#8211; Utilizar los iDevices que nos proporciona la aplicaci\u00f3n, tanto los que carecen de interactividad como los interactivos, para generar actividades, propuestas y contenidos matem\u00e1ticos.<br \/>\n&#8211; Incorporar applets de Java en nuestro proyecto, dotando as\u00ed de mayor interactividad, si cabe a nuestros materiales.<br \/>\n&#8211; Exportar los materiales elaborados a formato web, a formato IMS o SCORM para poder integrarlos en un Moodle, y en la medida de lo posible, publicarlos en internet y as\u00ed ponerlos a disposici\u00f3n de nuestro alumnado.<br \/>\n&#8211; Utilizar el programa de construcci\u00f3n de mapas conceptuales Cmaps Tools para estructurar, integrar y organizar las distintas webs y proyectos elaborados con eXe Learning.<\/p>\n<p><strong>Contenidos<\/strong><br \/>\n&#8211; Licencias de autor, estandarizaci\u00f3n, empaquetado y catalogaci\u00f3n de recursos did\u00e1cticos digitales.<br \/>\n&#8211; Instalaci\u00f3n y funcionamiento b\u00e1sico del eXe Learning. Composici\u00f3n por bloques iDevices.<br \/>\n&#8211; El editor de texto enriquecido. Creaci\u00f3n de hipertexto con la incorporaci\u00f3n de diversos elementos como texto formateado, enumeraciones, tablas, im\u00e1genes, animaciones, audio, v\u00eddeo, f\u00f3rmulas matem\u00e1ticas en LateX, as\u00ed como la importaci\u00f3n de texto de otros programas o poder editar directamente en c\u00f3digo html.<br \/>\n&#8211; Los iDevices de presentaci\u00f3n de informaci\u00f3n y de actividades sin interactividad.<br \/>\n&#8211; Los iDevices de actividades interactivas como verdadero\/falso, selecci\u00f3n y elecci\u00f3n m\u00faltiple o espacios en blanco.<br \/>\n&#8211; Los applets de Java, especialmente los de GeoGebra, Descartes y Jclic.<br \/>\n&#8211; Modificaci\u00f3n de las hojas de estilos para crear un estilo personalizado.<br \/>\n&#8211; Exportaci\u00f3n y distribuci\u00f3n de los materiales creados mediante p\u00e1ginas web, Moodle, CD, memorias USB o incluso PDF.<br \/>\n&#8211; El programa Cmap Tools para elaborar mapas conceptuales y estructurar nuestros proyectos web de eXe Learning.<\/p>\n<p><strong>Tutor<\/strong><br \/>\n&#8211; Gregori Garc\u00eda Ferri. IES Pou Clar, Ontinyent.<\/p>\n","protected":false},"excerpt":{"rendered":"<p>La Federaci\u00f3n Espa\u00f1ola de Sociedades de Profesores de Matem\u00e1ticas, en su af\u00e1n de promover actividades que considera de inter\u00e9s para la mejora de la ense\u00f1anza y el aprendizaje de las Matem\u00e1ticas e intentando ofrecer un servicio m\u00e1s al profesorado de matem\u00e1ticas, convoca la II Edici\u00f3n de Cursos de Formaci\u00f3n a Distancia, para el a\u00f1o 2012. [&hellip;]<\/p>\n","protected":false},"author":1,"featured_media":298,"comment_status":"closed","ping_status":"open","sticky":false,"template":"","format":"standard","meta":{"footnotes":""},"categories":[8],"tags":[],"class_list":["post-300","post","type-post","status-publish","format-standard","has-post-thumbnail","hentry","category-cursos"],"_links":{"self":[{"href":"https:\/\/fespm.es\/index.php\/wp-json\/wp\/v2\/posts\/300","targetHints":{"allow":["GET"]}}],"collection":[{"href":"https:\/\/fespm.es\/index.php\/wp-json\/wp\/v2\/posts"}],"about":[{"href":"https:\/\/fespm.es\/index.php\/wp-json\/wp\/v2\/types\/post"}],"author":[{"embeddable":true,"href":"https:\/\/fespm.es\/index.php\/wp-json\/wp\/v2\/users\/1"}],"replies":[{"embeddable":true,"href":"https:\/\/fespm.es\/index.php\/wp-json\/wp\/v2\/comments?post=300"}],"version-history":[{"count":0,"href":"https:\/\/fespm.es\/index.php\/wp-json\/wp\/v2\/posts\/300\/revisions"}],"wp:featuredmedia":[{"embeddable":true,"href":"https:\/\/fespm.es\/index.php\/wp-json\/wp\/v2\/media\/298"}],"wp:attachment":[{"href":"https:\/\/fespm.es\/index.php\/wp-json\/wp\/v2\/media?parent=300"}],"wp:term":[{"taxonomy":"category","embeddable":true,"href":"https:\/\/fespm.es\/index.php\/wp-json\/wp\/v2\/categories?post=300"},{"taxonomy":"post_tag","embeddable":true,"href":"https:\/\/fespm.es\/index.php\/wp-json\/wp\/v2\/tags?post=300"}],"curies":[{"name":"wp","href":"https:\/\/api.w.org\/{rel}","templated":true}]}}