{"id":289,"date":"2012-02-07T13:33:58","date_gmt":"2012-02-07T13:33:58","guid":{"rendered":"http:\/\/fespm.semrm.com\/index.php\/2012\/02\/07\/comite-de-programa-de-las-xvi-jaem\/"},"modified":"2012-02-07T13:33:58","modified_gmt":"2012-02-07T13:33:58","slug":"comite-de-programa-de-las-xvi-jaem","status":"publish","type":"post","link":"https:\/\/fespm.es\/index.php\/2012\/02\/07\/comite-de-programa-de-las-xvi-jaem\/","title":{"rendered":"Comit\u00e9 de programa de las XVI JAEM"},"content":{"rendered":"<p>En la \u00faltima reuni\u00f3n de la Junta de Gobierno de la FESPM se constituy\u00f3 el Comit\u00e9 de Programa de las <a href=\"http:\/\/xvi.jaem.es\">XVI JAEM PALMA 2013<\/a> que debe seleccionar las conferencias, comunicaciones, ponencias, talleres, etc. que se llevar\u00e1n a cabo durante la primera semana de julio de 2013 en el congreso de Mallorca.<\/p>\n<p>Los integrantes del comit\u00e9 son:<br \/>\n&#8211; <strong>Agust\u00edn Carrillo de Albornoz Torres<\/strong>, secretario general de la Sociedad Andaluza de Educaci\u00f3n Matem\u00e1tica SAEM Thales y actualmente secretario general de la Federaci\u00f3n Espa\u00f1ola de Sociedades de Profesores de Matem\u00e1ticas (FESPM).<br \/>\n&#8211; <strong>Miguel Albert\u00ed Palmer<\/strong>, ponente habitual en las JAEM y conferenciante plenario de las XV JAEM de Gij\u00f3n. Actualmente es uno de los nuevos codirectores de la revista SUMA.<br \/>\n&#8211; <strong>Manuela Moreno Gil<\/strong>, vocal de la junta directiva de la Sociedad de Educaci\u00f3n Matem\u00e1tica de la Regi\u00f3n de Murcia (SEMRM) y miembro del \u00faltimo comit\u00e9 de programa de las JAEM de Gij\u00f3n.<br \/>\n&#8211; <strong>Onofre Monz\u00f3 del Olmo<\/strong>, presidente de la Societat d?Educaci\u00f3 Matem\u00e0tica de la Comunitat Valenciana SEMCV al-Khwarizmi y codirector hasta el \u00faltimo n\u00famero de la revista SUMA.<br \/>\n&#8211; <strong>Juan Antonio Trevejo Alonso<\/strong>, presidente de la Sociedad Asturiana de Educaci\u00f3n Matem\u00e1tica (SADEM) Agust\u00edn de Pedrayes y miembro del pasado comit\u00e9 de programa y del comit\u00e9 local organizador de las XV JAEM Gij\u00f3n 2011.<br \/>\n&#8211; <strong>Aina Mar\u00eda Gonz\u00e1lez Juan<\/strong>, miembro de la junta directiva de la Societat Balear de Matem\u00e0tiques SBM-XEIX y del comit\u00e9 local organizador de las XVI JAEM Palma 2013.<br \/>\n&#8211; <strong>Josep Llu\u00eds Pol i Llompart<\/strong>, presidente de la Societat Balear de Matem\u00e0tiques  SBM-XEIX y miembro del comit\u00e9 local organizador de las XVI JAEM Palma 2013.<\/p>\n<p>M\u00e1s informaci\u00f3n en <a href=\"http:\/\/xvi.jaem.es\/jaem\/comite-de-programa.html?lang=es\">http:\/\/xvi.jaem.es\/jaem\/comite-de-programa.html?lang=es<\/a><\/p>\n","protected":false},"excerpt":{"rendered":"<p>En la \u00faltima reuni\u00f3n de la Junta de Gobierno de la FESPM se constituy\u00f3 el Comit\u00e9 de Programa de las XVI JAEM PALMA 2013 que debe seleccionar las conferencias, comunicaciones, ponencias, talleres, etc. que se llevar\u00e1n a cabo durante la primera semana de julio de 2013 en el congreso de Mallorca. Los integrantes del comit\u00e9 [&hellip;]<\/p>\n","protected":false},"author":1,"featured_media":288,"comment_status":"closed","ping_status":"open","sticky":false,"template":"","format":"standard","meta":{"footnotes":""},"categories":[10],"tags":[],"class_list":["post-289","post","type-post","status-publish","format-standard","has-post-thumbnail","hentry","category-j-a-e-m"],"_links":{"self":[{"href":"https:\/\/fespm.es\/index.php\/wp-json\/wp\/v2\/posts\/289","targetHints":{"allow":["GET"]}}],"collection":[{"href":"https:\/\/fespm.es\/index.php\/wp-json\/wp\/v2\/posts"}],"about":[{"href":"https:\/\/fespm.es\/index.php\/wp-json\/wp\/v2\/types\/post"}],"author":[{"embeddable":true,"href":"https:\/\/fespm.es\/index.php\/wp-json\/wp\/v2\/users\/1"}],"replies":[{"embeddable":true,"href":"https:\/\/fespm.es\/index.php\/wp-json\/wp\/v2\/comments?post=289"}],"version-history":[{"count":0,"href":"https:\/\/fespm.es\/index.php\/wp-json\/wp\/v2\/posts\/289\/revisions"}],"wp:featuredmedia":[{"embeddable":true,"href":"https:\/\/fespm.es\/index.php\/wp-json\/wp\/v2\/media\/288"}],"wp:attachment":[{"href":"https:\/\/fespm.es\/index.php\/wp-json\/wp\/v2\/media?parent=289"}],"wp:term":[{"taxonomy":"category","embeddable":true,"href":"https:\/\/fespm.es\/index.php\/wp-json\/wp\/v2\/categories?post=289"},{"taxonomy":"post_tag","embeddable":true,"href":"https:\/\/fespm.es\/index.php\/wp-json\/wp\/v2\/tags?post=289"}],"curies":[{"name":"wp","href":"https:\/\/api.w.org\/{rel}","templated":true}]}}