{"id":287,"date":"2012-02-07T13:27:24","date_gmt":"2012-02-07T13:27:24","guid":{"rendered":"http:\/\/fespm.semrm.com\/index.php\/2012\/02\/07\/xiv-congreso-de-la-saem-thales\/"},"modified":"2012-02-07T13:27:24","modified_gmt":"2012-02-07T13:27:24","slug":"xiv-congreso-de-la-saem-thales","status":"publish","type":"post","link":"https:\/\/fespm.es\/index.php\/2012\/02\/07\/xiv-congreso-de-la-saem-thales\/","title":{"rendered":"XIV Congreso de la SAEM THALES"},"content":{"rendered":"<p>La Sociedad Andaluza de Educaci\u00f3n Matem\u00e1tica Thales ha convocado el <strong>XIV Congreso sobre Ense\u00f1anza y Aprendizaje de las Matem\u00e1ticas (CEAM)<\/strong> que tendr\u00e1 lugar en M\u00e1laga durante los d\u00edas 4, 5 y 6 de julio de 2012.<\/p>\n<p>El tema de trabajo de este congreso ser\u00e1 sobre ?<strong>Diversidad y matem\u00e1ticas<\/strong>?.<\/p>\n<p>Ya est\u00e1 disponible toda la informaci\u00f3n de esta actividad en la <a href=\"http:\/\/thales.cica.es\/\">web de la SAEM THALES<\/a> y en <a href=\"http:\/\/xiv.thalesceam.es\/\">http:\/\/xiv.thalesceam.es\/<\/a><\/p>\n","protected":false},"excerpt":{"rendered":"<p>La Sociedad Andaluza de Educaci\u00f3n Matem\u00e1tica Thales ha convocado el XIV Congreso sobre Ense\u00f1anza y Aprendizaje de las Matem\u00e1ticas (CEAM) que tendr\u00e1 lugar en M\u00e1laga durante los d\u00edas 4, 5 y 6 de julio de 2012. El tema de trabajo de este congreso ser\u00e1 sobre ?Diversidad y matem\u00e1ticas?. Ya est\u00e1 disponible toda la informaci\u00f3n de [&hellip;]<\/p>\n","protected":false},"author":1,"featured_media":286,"comment_status":"closed","ping_status":"open","sticky":false,"template":"","format":"standard","meta":{"footnotes":""},"categories":[7],"tags":[],"class_list":["post-287","post","type-post","status-publish","format-standard","has-post-thumbnail","hentry","category-actualidad"],"_links":{"self":[{"href":"https:\/\/fespm.es\/index.php\/wp-json\/wp\/v2\/posts\/287","targetHints":{"allow":["GET"]}}],"collection":[{"href":"https:\/\/fespm.es\/index.php\/wp-json\/wp\/v2\/posts"}],"about":[{"href":"https:\/\/fespm.es\/index.php\/wp-json\/wp\/v2\/types\/post"}],"author":[{"embeddable":true,"href":"https:\/\/fespm.es\/index.php\/wp-json\/wp\/v2\/users\/1"}],"replies":[{"embeddable":true,"href":"https:\/\/fespm.es\/index.php\/wp-json\/wp\/v2\/comments?post=287"}],"version-history":[{"count":0,"href":"https:\/\/fespm.es\/index.php\/wp-json\/wp\/v2\/posts\/287\/revisions"}],"wp:featuredmedia":[{"embeddable":true,"href":"https:\/\/fespm.es\/index.php\/wp-json\/wp\/v2\/media\/286"}],"wp:attachment":[{"href":"https:\/\/fespm.es\/index.php\/wp-json\/wp\/v2\/media?parent=287"}],"wp:term":[{"taxonomy":"category","embeddable":true,"href":"https:\/\/fespm.es\/index.php\/wp-json\/wp\/v2\/categories?post=287"},{"taxonomy":"post_tag","embeddable":true,"href":"https:\/\/fespm.es\/index.php\/wp-json\/wp\/v2\/tags?post=287"}],"curies":[{"name":"wp","href":"https:\/\/api.w.org\/{rel}","templated":true}]}}