{"id":281,"date":"2011-11-02T21:39:31","date_gmt":"2011-11-02T21:39:31","guid":{"rendered":"http:\/\/fespm.semrm.com\/index.php\/2011\/11\/02\/ii-jornadas-de-matematicas-de-la-rioja\/"},"modified":"2011-11-02T21:39:31","modified_gmt":"2011-11-02T21:39:31","slug":"ii-jornadas-de-matematicas-de-la-rioja","status":"publish","type":"post","link":"https:\/\/fespm.es\/index.php\/2011\/11\/02\/ii-jornadas-de-matematicas-de-la-rioja\/","title":{"rendered":"II Jornadas de matem\u00e1ticas de La Rioja"},"content":{"rendered":"<p><strong>Organiza:<\/strong> A-Prima. Sociedad Riojana de Profesores de Matem\u00e1ticas.<br \/>\n<br \/><strong>Colabora:<\/strong> Universidad de La Rioja.<br \/>\n<br \/><strong>Fechas:<\/strong> 25 y 26 de Noviembre de 2011<br \/>\n<br \/><strong>Lugar de celebraci\u00f3n:<\/strong> Complejo Cient\u00edfico Tecnol\u00f3gico  de la Universidad de la Rioja. Logro\u00f1o.<br \/>\n<br \/><strong>Destinatarios:<\/strong>  Docentes de Matem\u00e1ticas de todos los niveles<br \/>\n<br \/>N\u00famero de inscripciones limitado a 120 personas.<br \/>\n<br \/><strong>Plazo de inscripci\u00f3n (gratuita)<\/strong>:<br \/>\nHasta el 13 de noviembre de 2011 en <a href=\"http:\/\/www.a-prima.es\">la web de Aprima<\/a>.<\/p>\n<p>Los profesores asistentes recibir\u00e1n una certificaci\u00f3n de Aprima de 10 h de formaci\u00f3n. La actividad est\u00e1 homologada por la Consejer\u00eda de Educaci\u00f3n de la CCAA de La Rioja. <\/p>\n<h2>PRESENTACI\u00d3N<\/h2>\n<p>Tras el \u00e9xito de de las primeras jornadas celebradas en 2009 as\u00ed como con gran ilusi\u00f3n, y en colaboraci\u00f3n con diversas entidades p\u00fablicas y privadas, hemos organizado estas II Jornadas de Educaci\u00f3n Matem\u00e1tica en La Rioja, que tienen como principal finalidad aquellas que aparecen en nuestros estatutos:<\/p>\n<p>a) Facilitar la actualizaci\u00f3n del profesorado de Matem\u00e1ticas, difundir las corrientes del pensamiento matem\u00e1tico y de la ense\u00f1anza y el aprendizaje de las Matem\u00e1ticas.<\/p>\n<p>b) Impulsar el desarrollo de investigaciones relativas a la Did\u00e1ctica y Metodolog\u00eda de las Matem\u00e1ticas y de su aplicaci\u00f3n a la pr\u00e1ctica docente.<\/p>\n<p>c) Servir de conexi\u00f3n entre los profesores de Matem\u00e1ticas para intercambiar ideas y experiencias.<\/p>\n<p>Esperamos que esta iniciativa despierte de nuevo el inter\u00e9s de un gran n\u00famero de profesores de matem\u00e1ticas y que ello haga posible que esta actividad siga realiz\u00e1ndose cada dos a\u00f1os.<\/p>\n<p>Elena Ram\u00edrez Ezquerro.<br \/>\n<br \/>Presidenta de Aprima<\/p>\n<figure id=\"attachment_280\" aria-describedby=\"caption-attachment-280\" style=\"width: 685px\" class=\"wp-caption aligncenter\"><img loading=\"lazy\" decoding=\"async\" class=\" aligncenter size-full wp-image-280\" src=\"http:\/\/fespm.es\/wp-content\/uploads\/2011\/11\/cartel_ii_jornadas_matematicas_la_rioja-r.jpg\" alt=\"Cartel de las Jornadas, realizado por Sandra Almaz\u00e1n Royo.\" title=\"Cartel de las Jornadas, realizado por Sandra Almaz\u00e1n Royo.\" class=\"caption\" align=\"center\" width=\"685\" height=\"969\" srcset=\"https:\/\/fespm.es\/wp-content\/uploads\/2011\/11\/cartel_ii_jornadas_matematicas_la_rioja-r.jpg 685w, https:\/\/fespm.es\/wp-content\/uploads\/2011\/11\/cartel_ii_jornadas_matematicas_la_rioja-r-600x849.jpg 600w, https:\/\/fespm.es\/wp-content\/uploads\/2011\/11\/cartel_ii_jornadas_matematicas_la_rioja-r-212x300.jpg 212w\" sizes=\"auto, (max-width: 685px) 100vw, 685px\" \/><figcaption id=\"caption-attachment-280\" class=\"wp-caption-text\">Cartel de las Jornadas, realizado por Sandra Almaz\u00e1n Royo.<\/figcaption><\/figure>\n<h2>PROGRAMA<\/h2>\n<p><strong>VIERNES 25 DE NOVIEMBRE DE 2011<\/strong><\/p>\n<ul>\n<li> 16:00 a 17:00 Recepci\u00f3n de materiales<\/li>\n<li> 17:00 a 17:15 Acto de inauguraci\u00f3n<\/li>\n<li> 17:15 a 18:45 Conferencia Inaugural:<br \/>\n<br \/>Encarnaci\u00f3n Reyes: ?Conexiones entre Matem\u00e1tica, Naturaleza y Arquitectura?.<\/li>\n<li> 18:45 a 20:45: Ponencias y talleres por niveles:\n<ul>\n<li> <strong>Ed. Infantil y Primaria<\/strong>:<br \/>\n<br \/>Miguel Loza ?Grupos interactivos?<br \/>\n<br \/>Xavier Fern\u00e1ndez ?Materiales en matem\u00e1ticas? (30 plazas)<\/li>\n<li> <strong>Ed. Secundaria<\/strong>:<br \/>\n<br \/>Eugenio G\u00f3mez ?Aritm\u00e9tica del viaje?<br \/>\n<br \/>Bego\u00f1a Omatos ?Uso del blog en el aula?<\/li>\n<li> <strong>Todos<\/strong>:<br \/>\n<br \/>Sin determinar ?Libro digital: Qu\u00e9 es y su uso en el aula?<\/li>\n<\/ul>\n<\/li>\n<\/ul>\n<p><strong>S\u00c1BADO 26 DE NOVIEMBRE DE 2011<\/strong><\/p>\n<ul>\n<li> 9:00 a 11:00 Ponencias y talleres por niveles:\n<ul>\n<li> <strong>Ed. Infantil y Primaria<\/strong>:<br \/>\n<br \/>Nuria Carazo ?Resoluci\u00f3n de problemas?<br \/>\n<br \/>Pedro Berjas ?Taller del n\u00famero?<\/li>\n<li> <strong>Ed. Secundaria<\/strong>:<br \/>\n<br \/>Ricardo Alonso: ?Uso de la lectura en clase de matem\u00e1ticas?<br \/>\n<br \/>Sin determinar ?Evaluar por competencias?<\/li>\n<li> <strong>Todos<\/strong>:<br \/>\n<br \/>Xavier Fern\u00e1ndez ?Cocina y matem\u00e1ticas? (30 plazas)<\/li>\n<\/ul>\n<\/li>\n<li> 11:00 a 11:30 Caf\u00e9 y visita a stands<\/li>\n<li> 11:30 a 13:00 Conferencia:<br \/>\n<br \/>Miguel Barreras: ?Matem\u00e1ticas de los contextos?<\/li>\n<li> 13:00 a 14:30 Conferencia y Acto de Clausura:<br \/>\n<br \/>Jos\u00e9 Luis \u00c1lvarez: ?Proyecto Gauss?<\/li>\n<\/ul>\n","protected":false},"excerpt":{"rendered":"<p>Organiza: A-Prima. Sociedad Riojana de Profesores de Matem\u00e1ticas. Colabora: Universidad de La Rioja. Fechas: 25 y 26 de Noviembre de 2011 Lugar de celebraci\u00f3n: Complejo Cient\u00edfico Tecnol\u00f3gico de la Universidad de la Rioja. Logro\u00f1o. Destinatarios: Docentes de Matem\u00e1ticas de todos los niveles N\u00famero de inscripciones limitado a 120 personas. Plazo de inscripci\u00f3n (gratuita): Hasta el [&hellip;]<\/p>\n","protected":false},"author":1,"featured_media":279,"comment_status":"closed","ping_status":"open","sticky":false,"template":"","format":"standard","meta":{"footnotes":""},"categories":[7],"tags":[],"class_list":["post-281","post","type-post","status-publish","format-standard","has-post-thumbnail","hentry","category-actualidad"],"_links":{"self":[{"href":"https:\/\/fespm.es\/index.php\/wp-json\/wp\/v2\/posts\/281","targetHints":{"allow":["GET"]}}],"collection":[{"href":"https:\/\/fespm.es\/index.php\/wp-json\/wp\/v2\/posts"}],"about":[{"href":"https:\/\/fespm.es\/index.php\/wp-json\/wp\/v2\/types\/post"}],"author":[{"embeddable":true,"href":"https:\/\/fespm.es\/index.php\/wp-json\/wp\/v2\/users\/1"}],"replies":[{"embeddable":true,"href":"https:\/\/fespm.es\/index.php\/wp-json\/wp\/v2\/comments?post=281"}],"version-history":[{"count":0,"href":"https:\/\/fespm.es\/index.php\/wp-json\/wp\/v2\/posts\/281\/revisions"}],"wp:featuredmedia":[{"embeddable":true,"href":"https:\/\/fespm.es\/index.php\/wp-json\/wp\/v2\/media\/279"}],"wp:attachment":[{"href":"https:\/\/fespm.es\/index.php\/wp-json\/wp\/v2\/media?parent=281"}],"wp:term":[{"taxonomy":"category","embeddable":true,"href":"https:\/\/fespm.es\/index.php\/wp-json\/wp\/v2\/categories?post=281"},{"taxonomy":"post_tag","embeddable":true,"href":"https:\/\/fespm.es\/index.php\/wp-json\/wp\/v2\/tags?post=281"}],"curies":[{"name":"wp","href":"https:\/\/api.w.org\/{rel}","templated":true}]}}