{"id":2777,"date":"2024-02-08T22:18:30","date_gmt":"2024-02-08T20:18:30","guid":{"rendered":"https:\/\/fespm.es\/?p=2777"},"modified":"2025-11-17T21:42:33","modified_gmt":"2025-11-17T19:42:33","slug":"matematicas-a-traves-del-cine","status":"publish","type":"post","link":"https:\/\/fespm.es\/index.php\/2024\/02\/08\/matematicas-a-traves-del-cine\/","title":{"rendered":"Matem\u00e1ticas a trav\u00e9s del cine"},"content":{"rendered":"\n<h4 class=\"wp-block-heading\">Alfonso Jes\u00fas Poblaci\u00f3n S\u00e1ez<\/h4>\n\n\n\n<p>La ense\u00f1anza de las matem\u00e1ticas precisa, en ocasiones, de herramientas como el cine para una mejor comprensi\u00f3n del alumnado.<\/p>\n\n\n\n<p>Con un planteamiento distinto al tradicional libro de texto, este volumen propone un acercamiento alternativo y complementario a los contenidos de esta asignatura: recurriendo al aprendizaje basado en problemas como metodolog\u00eda y al cine como recurso did\u00e1ctico. Al hilo de la visualizaci\u00f3n de distintas secuencias o di\u00e1logos de pel\u00edculas, que plantean situaciones sencillas y cotidianas, introduce una variedad de cuestiones y actividades matem\u00e1ticas para trabajar con el alumnado, en un contexto que pretende ser motivador y enriquecedor, convirti\u00e9ndolo en parte activa de su aprendizaje. Los ejemplos y ejercicios propuestos, de diferente grado de complejidad y de los que tambi\u00e9n se ofrecen soluciones en muchos casos, se organizan en torno a tres \u00e1reas de las matem\u00e1ticas cl\u00e1sicas: aritm\u00e9tica, \u00e1lgebra y probabilidad. Su objetivo es fomentar una adecuada adquisici\u00f3n de la competencia matem\u00e1tica, que refuerce las formas de an\u00e1lisis y razonamiento matem\u00e1tico, frente a procedimientos y aplicaciones algor\u00edtmicas m\u00e1s mec\u00e1nicas y estandarizadas.<\/p>\n\n\n\n<p><\/p>\n\n\n\n<h5 class=\"wp-block-heading\">Alfonso Jes\u00fas Poblaci\u00f3n S\u00e1ez<\/h5>\n\n\n\n<p>Profesor titular del Departamento de Matem\u00e1tica Aplicada de la Universidad de Valladolid. Adem\u00e1s de su labor docente, dedica parte de su tiempo a la divulgaci\u00f3n matem\u00e1tica, habiendo impartido numerosas charlas y cursos, y colaborado en diferentes medios de comunicaci\u00f3n, nacionales e internacionales (DivulgaMAT, Revista UNO, ABCdario de las Matem\u00e1ticas, etc.). Desde que en el 2000, A\u00f1o Mundial de las Matem\u00e1ticas, organizara un ciclo de pel\u00edculas relacionadas con las matem\u00e1ticas, ha continuado uniendo estas dos disciplinas a trav\u00e9s de art\u00edculos, conferencias y del libro Las matem\u00e1ticas en el cine (2006).<\/p>\n\n\n\n<figure class=\"wp-block-image size-full is-resized\"><img loading=\"lazy\" decoding=\"async\" src=\"https:\/\/fespm.es\/wp-content\/uploads\/2024\/02\/24181.jpg\" alt=\"\" class=\"wp-image-2778\" width=\"125\" height=\"128\" srcset=\"https:\/\/fespm.es\/wp-content\/uploads\/2024\/02\/24181.jpg 865w, https:\/\/fespm.es\/wp-content\/uploads\/2024\/02\/24181-294x300.jpg 294w, https:\/\/fespm.es\/wp-content\/uploads\/2024\/02\/24181-768x785.jpg 768w, https:\/\/fespm.es\/wp-content\/uploads\/2024\/02\/24181-600x613.jpg 600w\" sizes=\"auto, (max-width: 125px) 100vw, 125px\" \/><\/figure>\n\n\n\n<h3 class=\"wp-block-heading\"><strong><a href=\"https:\/\/fespm.es\/index.php\/2013\/03\/20\/formulario-de-pedido-al-servicio-de-publicaciones\/\">Pedidos<\/a><\/strong><\/h3>\n","protected":false},"excerpt":{"rendered":"<p>Alfonso Jes\u00fas Poblaci\u00f3n S\u00e1ez La ense\u00f1anza de las matem\u00e1ticas precisa, en ocasiones, de herramientas como el cine para una mejor comprensi\u00f3n del alumnado. Con un planteamiento distinto al tradicional libro de texto, este volumen propone un acercamiento alternativo y complementario a los contenidos de esta asignatura: recurriendo al aprendizaje basado en problemas como metodolog\u00eda y [&hellip;]<\/p>\n","protected":false},"author":4,"featured_media":2775,"comment_status":"closed","ping_status":"closed","sticky":false,"template":"","format":"standard","meta":{"footnotes":""},"categories":[16],"tags":[],"class_list":["post-2777","post","type-post","status-publish","format-standard","has-post-thumbnail","hentry","category-servicio-de-publicaciones"],"_links":{"self":[{"href":"https:\/\/fespm.es\/index.php\/wp-json\/wp\/v2\/posts\/2777","targetHints":{"allow":["GET"]}}],"collection":[{"href":"https:\/\/fespm.es\/index.php\/wp-json\/wp\/v2\/posts"}],"about":[{"href":"https:\/\/fespm.es\/index.php\/wp-json\/wp\/v2\/types\/post"}],"author":[{"embeddable":true,"href":"https:\/\/fespm.es\/index.php\/wp-json\/wp\/v2\/users\/4"}],"replies":[{"embeddable":true,"href":"https:\/\/fespm.es\/index.php\/wp-json\/wp\/v2\/comments?post=2777"}],"version-history":[{"count":1,"href":"https:\/\/fespm.es\/index.php\/wp-json\/wp\/v2\/posts\/2777\/revisions"}],"predecessor-version":[{"id":2779,"href":"https:\/\/fespm.es\/index.php\/wp-json\/wp\/v2\/posts\/2777\/revisions\/2779"}],"wp:featuredmedia":[{"embeddable":true,"href":"https:\/\/fespm.es\/index.php\/wp-json\/wp\/v2\/media\/2775"}],"wp:attachment":[{"href":"https:\/\/fespm.es\/index.php\/wp-json\/wp\/v2\/media?parent=2777"}],"wp:term":[{"taxonomy":"category","embeddable":true,"href":"https:\/\/fespm.es\/index.php\/wp-json\/wp\/v2\/categories?post=2777"},{"taxonomy":"post_tag","embeddable":true,"href":"https:\/\/fespm.es\/index.php\/wp-json\/wp\/v2\/tags?post=2777"}],"curies":[{"name":"wp","href":"https:\/\/api.w.org\/{rel}","templated":true}]}}