{"id":276,"date":"2011-09-14T21:43:48","date_gmt":"2011-09-14T21:43:48","guid":{"rendered":"http:\/\/fespm.semrm.com\/index.php\/2011\/09\/14\/reportaje-sobre-las-15-jaem-en-la-aventura-del-saber\/"},"modified":"2011-09-14T21:43:48","modified_gmt":"2011-09-14T21:43:48","slug":"reportaje-sobre-las-15-jaem-en-la-aventura-del-saber","status":"publish","type":"post","link":"https:\/\/fespm.es\/index.php\/2011\/09\/14\/reportaje-sobre-las-15-jaem-en-la-aventura-del-saber\/","title":{"rendered":"Reportaje sobre las 15 JAEM en La aventura del saber"},"content":{"rendered":"<p><em>La aventura del saber<\/em>, programa de La 2 de Televisi\u00f3n Espa\u00f1ola destinado a la formaci\u00f3n y la divulgaci\u00f3n ha emitido un reportaje sobre las <a href=\"http:\/\/www.15jaem.org\">15 JAEM<\/a>, celebradas en Gij\u00f3n este mes de Julio.<\/p>\n<p>Cuenta con las entrevistas a Antonio P\u00e9rez, director del <a href=\"http:\/\/www.ite.educacion.es\/\">ITE, Instituto de Tecnolog\u00edas Educativas<\/a>, y a Rafael Losada y Jos\u00e9 Luis \u00c1lvarez. Presentan algunos proyectos como el proyecto Escuela 2.0, el <a href=\"http:\/\/recursostic.educacion.es\/gauss\/web\/\">proyecto Gauss<\/a> o el proyecto <a href=\"http:\/\/venxmas.fespm.es\">Ven x m\u00e1s matem\u00e1ticas<\/a>, incluido en el programa Profundiza. Tambi\u00e9n se muestran im\u00e1genes de la exposici\u00f3n <a href=\"http:\/\/www.imaginary-exhibition.com\/?lang=es\">Imaginary<\/a>.<\/p>\n<p>El v\u00eddeo se puede ver a trav\u00e9s del sistema de televisi\u00f3n a la carta de la web de RTVE, en el siguiente enlace: <a href=\"http:\/\/www.rtve.es\/alacarta\/videos\/la-aventura-del-saber\/aventura-del-saber-14-09-11\/1196860\/\">http:\/\/www.rtve.es\/alacarta\/videos\/la-aventura-del-saber\/aventura-del-saber-14-09-11\/1196860\/<\/a>. Encontrar\u00e9is el reportaje sobre las JAEM en el minuto 43 del programa. <\/p>\n<p>En breve, este programa emitir\u00e1 otro reportaje sobre una actividad realizada por la FESPM. En este caso, ser\u00e1 sobre el <a href=\"http:\/\/campamento.fespm.es\">Campamento Matem\u00e1ticas en la Monta\u00f1a<\/a>, celebrado a principios de Septiembre en Canfranc (Huesca),<\/p>\n","protected":false},"excerpt":{"rendered":"<p>La aventura del saber, programa de La 2 de Televisi\u00f3n Espa\u00f1ola destinado a la formaci\u00f3n y la divulgaci\u00f3n ha emitido un reportaje sobre las 15 JAEM, celebradas en Gij\u00f3n este mes de Julio. Cuenta con las entrevistas a Antonio P\u00e9rez, director del ITE, Instituto de Tecnolog\u00edas Educativas, y a Rafael Losada y Jos\u00e9 Luis \u00c1lvarez. [&hellip;]<\/p>\n","protected":false},"author":1,"featured_media":275,"comment_status":"closed","ping_status":"open","sticky":false,"template":"","format":"standard","meta":{"footnotes":""},"categories":[7],"tags":[],"class_list":["post-276","post","type-post","status-publish","format-standard","has-post-thumbnail","hentry","category-actualidad"],"_links":{"self":[{"href":"https:\/\/fespm.es\/index.php\/wp-json\/wp\/v2\/posts\/276","targetHints":{"allow":["GET"]}}],"collection":[{"href":"https:\/\/fespm.es\/index.php\/wp-json\/wp\/v2\/posts"}],"about":[{"href":"https:\/\/fespm.es\/index.php\/wp-json\/wp\/v2\/types\/post"}],"author":[{"embeddable":true,"href":"https:\/\/fespm.es\/index.php\/wp-json\/wp\/v2\/users\/1"}],"replies":[{"embeddable":true,"href":"https:\/\/fespm.es\/index.php\/wp-json\/wp\/v2\/comments?post=276"}],"version-history":[{"count":0,"href":"https:\/\/fespm.es\/index.php\/wp-json\/wp\/v2\/posts\/276\/revisions"}],"wp:featuredmedia":[{"embeddable":true,"href":"https:\/\/fespm.es\/index.php\/wp-json\/wp\/v2\/media\/275"}],"wp:attachment":[{"href":"https:\/\/fespm.es\/index.php\/wp-json\/wp\/v2\/media?parent=276"}],"wp:term":[{"taxonomy":"category","embeddable":true,"href":"https:\/\/fespm.es\/index.php\/wp-json\/wp\/v2\/categories?post=276"},{"taxonomy":"post_tag","embeddable":true,"href":"https:\/\/fespm.es\/index.php\/wp-json\/wp\/v2\/tags?post=276"}],"curies":[{"name":"wp","href":"https:\/\/api.w.org\/{rel}","templated":true}]}}