{"id":2675,"date":"2024-07-09T19:59:00","date_gmt":"2024-07-09T17:59:00","guid":{"rendered":"https:\/\/fespm.es\/?p=2675"},"modified":"2024-07-10T08:27:06","modified_gmt":"2024-07-10T06:27:06","slug":"xxxiv-olimpiada-matematica-nacional-junior","status":"publish","type":"post","link":"https:\/\/fespm.es\/index.php\/2024\/07\/09\/xxxiv-olimpiada-matematica-nacional-junior\/","title":{"rendered":"2024 Jarandilla de la Vera (C\u00e1ceres)"},"content":{"rendered":"<div class=\"wp-block-image\">\n<figure class=\"aligncenter size-full is-resized\"><img loading=\"lazy\" decoding=\"async\" src=\"https:\/\/fespm.es\/wp-content\/uploads\/2024\/03\/imagen.png\" alt=\"\" class=\"wp-image-2849\" width=\"335\" height=\"369\" srcset=\"https:\/\/fespm.es\/wp-content\/uploads\/2024\/03\/imagen.png 778w, https:\/\/fespm.es\/wp-content\/uploads\/2024\/03\/imagen-272x300.png 272w, https:\/\/fespm.es\/wp-content\/uploads\/2024\/03\/imagen-768x847.png 768w, https:\/\/fespm.es\/wp-content\/uploads\/2024\/03\/imagen-600x662.png 600w\" sizes=\"auto, (max-width: 335px) 100vw, 335px\" \/><\/figure><\/div>\n\n\n<p>Les dejamos las pruebas, tanto la <a rel=\"noreferrer noopener\" href=\"http:\/\/fespm.es\/wp-content\/uploads\/2024\/07\/XXXIV-OMNJ-Prueba-Individual.pdf\" target=\"_blank\">individua<\/a>l, como la de <a rel=\"noreferrer noopener\" href=\"http:\/\/fespm.es\/wp-content\/uploads\/2024\/07\/XXXIV-OMNJ-Prueba-Equipos.pdf\" target=\"_blank\">equipos<\/a> realizadas en esta edici\u00f3n de la Olimpiada, as\u00ed como el <a href=\"http:\/\/fespm.es\/wp-content\/uploads\/2024\/07\/Acta-Premiados-XXXIV-OMN-Junior.-Jarandilla.pdf\" target=\"_blank\" rel=\"noreferrer noopener\">acta<\/a> de premiados de esta XXXIV edici\u00f3n de la Olimpiada Matem\u00e1tica Nacional Junior celebrada entre los d\u00edas 14 y 18 de Junio en Jarandilla de la Vera. Agradecemos a  la Sociedad Extreme\u00f1a de Educaci\u00f3n Matem\u00e1tica \u00abVentura Reyes Pr\u00f3sper\u00bb que se ha encargado de su excelente organizaci\u00f3n.<\/p>\n\n\n\n<p>Para inscribir al alumnado y profesorado participante tendr\u00e1n que ingresar en el formulario de la FESPM en siguiente <a rel=\"noreferrer noopener\" href=\"https:\/\/formulario.fespm.es\/\" target=\"_blank\">enlace<\/a>. Las claves se las proporcionar\u00e1n los responsables de cada una de las sociedades participantes. La autorizaci\u00f3n a la actividad la pueden descargar <a rel=\"noreferrer noopener\" href=\"http:\/\/fespm.es\/wp-content\/uploads\/2024\/04\/autorizacion_OMN_2024.pdf\" target=\"_blank\">aqu\u00ed<\/a>.<\/p>\n\n\n\n<p>Aqu\u00ed tienen el <a href=\"http:\/\/fespm.es\/wp-content\/uploads\/2024\/06\/Programa-XXXIV-OMNJ-Extremadura-24.pdf\">programa<\/a> de la Olimpiada y su <a href=\"http:\/\/fespm.es\/wp-content\/uploads\/2024\/06\/Cartel-XXXIV-OMN-Junior_1.jpeg\" target=\"_blank\" rel=\"noreferrer noopener\">cartel<\/a>. Tambi\u00e9n les dejamos un documento con el <a rel=\"noreferrer noopener\" href=\"http:\/\/fespm.es\/wp-content\/uploads\/2024\/05\/Material-necesario-XXXIV-OMNJ-24.docx.pdf\" target=\"_blank\">material necesario<\/a> para asistir a la Olimpiada.<\/p>\n\n\n\n<p>No tenemos duda que ser\u00e1 una nueva aventura matem\u00e1tica donde el alumnado clasificado de las diferentes sociedades, y alg\u00fan otro alumnado invitado por la FESPM podr\u00e1n disfrutar de unos d\u00edas inolvidables en tierras extreme\u00f1as.<\/p>\n","protected":false},"excerpt":{"rendered":"<p>Les dejamos las pruebas, tanto la individual, como la de equipos realizadas en esta edici\u00f3n de la Olimpiada, as\u00ed como el acta de premiados de esta XXXIV edici\u00f3n de la Olimpiada Matem\u00e1tica Nacional Junior celebrada entre los d\u00edas 14 y 18 de Junio en Jarandilla de la Vera. Agradecemos a la Sociedad Extreme\u00f1a de Educaci\u00f3n [&hellip;]<\/p>\n","protected":false},"author":3,"featured_media":0,"comment_status":"closed","ping_status":"closed","sticky":false,"template":"","format":"standard","meta":{"footnotes":""},"categories":[9,93,49],"tags":[],"class_list":["post-2675","post","type-post","status-publish","format-standard","hentry","category-olimpiada-matematica","category-2024-jarandilla-de-la-vera","category-olimpiada-matematica-eso"],"_links":{"self":[{"href":"https:\/\/fespm.es\/index.php\/wp-json\/wp\/v2\/posts\/2675","targetHints":{"allow":["GET"]}}],"collection":[{"href":"https:\/\/fespm.es\/index.php\/wp-json\/wp\/v2\/posts"}],"about":[{"href":"https:\/\/fespm.es\/index.php\/wp-json\/wp\/v2\/types\/post"}],"author":[{"embeddable":true,"href":"https:\/\/fespm.es\/index.php\/wp-json\/wp\/v2\/users\/3"}],"replies":[{"embeddable":true,"href":"https:\/\/fespm.es\/index.php\/wp-json\/wp\/v2\/comments?post=2675"}],"version-history":[{"count":9,"href":"https:\/\/fespm.es\/index.php\/wp-json\/wp\/v2\/posts\/2675\/revisions"}],"predecessor-version":[{"id":3021,"href":"https:\/\/fespm.es\/index.php\/wp-json\/wp\/v2\/posts\/2675\/revisions\/3021"}],"wp:attachment":[{"href":"https:\/\/fespm.es\/index.php\/wp-json\/wp\/v2\/media?parent=2675"}],"wp:term":[{"taxonomy":"category","embeddable":true,"href":"https:\/\/fespm.es\/index.php\/wp-json\/wp\/v2\/categories?post=2675"},{"taxonomy":"post_tag","embeddable":true,"href":"https:\/\/fespm.es\/index.php\/wp-json\/wp\/v2\/tags?post=2675"}],"curies":[{"name":"wp","href":"https:\/\/api.w.org\/{rel}","templated":true}]}}