{"id":266,"date":"2011-06-30T11:14:26","date_gmt":"2011-06-30T11:14:26","guid":{"rendered":"http:\/\/fespm.semrm.com\/index.php\/2011\/06\/30\/conclusiones-del-seminario-federal-sobre-el-papel-del-docente-de-matematicas-en-el-siglo-xxi\/"},"modified":"2019-08-14T10:51:31","modified_gmt":"2019-08-14T08:51:31","slug":"conclusiones-del-seminario-federal-sobre-el-papel-del-docente-de-matematicas-en-el-siglo-xxi","status":"publish","type":"post","link":"https:\/\/fespm.es\/index.php\/2011\/06\/30\/conclusiones-del-seminario-federal-sobre-el-papel-del-docente-de-matematicas-en-el-siglo-xxi\/","title":{"rendered":"Conclusiones del Seminario Federal sobre el papel del docente de matem\u00e1ticas en el siglo XXI"},"content":{"rendered":"<p>La realidad de la escuela en la segunda d\u00e9cada del siglo XXI nos lleva a la necesidad<br \/>\nde reformular el papel del docente. Con este objetivo, la Federaci\u00f3n Espa\u00f1ola de<br \/>\nSociedades de Profesores de Matem\u00e1ticas organiz\u00f3 el pasado mes de marzo de 2011 un<br \/>\n<a href=\"http:\/\/fespm.es\/index.php\/2011\/03\/08\/el-papel-del-docente-de-matematicas-en-el-siglo-xxi\/\">Seminario Federal<\/a> para propiciar el encuentro, an\u00e1lisis y discusi\u00f3n sobre este tema,considerado de inter\u00e9s para sus asociados y para el profesorado de matem\u00e1ticas en<br \/>\ngeneral.<\/p>\n<p>El trabajo de este seminario se articul\u00f3 en torno a los siguientes temas:<br \/>\n&#8211; El papel de docente: nuevos roles. Nuevas formas de trabajar en el aula.<br \/>\n&#8211; La situaci\u00f3n del alumnado. Mejora de los rendimientos.<br \/>\n&#8211; La Comunidad Educativa en esta nueva etapa.<\/p>\n<p>Los diferentes grupos de trabajo elaboraron las <a href=\"http:\/\/fespm.es\/wp-content\/uploads\/2011\/06\/conclusiones_seminario_federal_el_papel_del_docente_en_el_siglo_xxi.pdf\">conclusiones<\/a> que presentamos en el documento adjunto.<\/p>\n<h2 class=\"h2\">Documentos adjuntos<\/h2>\n<ul class=\"liste-items\">\n<li class=\"item\"><strong><a title=\"Descargar\" href=\"http:\/\/fespm.es\/IMG\/pdf\/conclusiones_seminario_federal_el_papel_del_docente_en_el_siglo_xxi.pdf\" type=\"application\/pdf\">Conclusiones del Seminario sobre el papel del docente de matem\u00e1ticas en el Siglo XXI<\/a><\/strong>\u00a0<span class=\"small\">(PDF \u2013 579.2\u00a0KB)<\/span><\/li>\n<\/ul>\n","protected":false},"excerpt":{"rendered":"<p>La realidad de la escuela en la segunda d\u00e9cada del siglo XXI nos lleva a la necesidad de reformular el papel del docente. Con este objetivo, la Federaci\u00f3n Espa\u00f1ola de Sociedades de Profesores de Matem\u00e1ticas organiz\u00f3 el pasado mes de marzo de 2011 un Seminario Federal para propiciar el encuentro, an\u00e1lisis y discusi\u00f3n sobre este [&hellip;]<\/p>\n","protected":false},"author":1,"featured_media":264,"comment_status":"closed","ping_status":"open","sticky":false,"template":"","format":"standard","meta":{"footnotes":""},"categories":[11],"tags":[],"class_list":["post-266","post","type-post","status-publish","format-standard","has-post-thumbnail","hentry","category-seminarios-actividades"],"_links":{"self":[{"href":"https:\/\/fespm.es\/index.php\/wp-json\/wp\/v2\/posts\/266","targetHints":{"allow":["GET"]}}],"collection":[{"href":"https:\/\/fespm.es\/index.php\/wp-json\/wp\/v2\/posts"}],"about":[{"href":"https:\/\/fespm.es\/index.php\/wp-json\/wp\/v2\/types\/post"}],"author":[{"embeddable":true,"href":"https:\/\/fespm.es\/index.php\/wp-json\/wp\/v2\/users\/1"}],"replies":[{"embeddable":true,"href":"https:\/\/fespm.es\/index.php\/wp-json\/wp\/v2\/comments?post=266"}],"version-history":[{"count":2,"href":"https:\/\/fespm.es\/index.php\/wp-json\/wp\/v2\/posts\/266\/revisions"}],"predecessor-version":[{"id":1067,"href":"https:\/\/fespm.es\/index.php\/wp-json\/wp\/v2\/posts\/266\/revisions\/1067"}],"wp:featuredmedia":[{"embeddable":true,"href":"https:\/\/fespm.es\/index.php\/wp-json\/wp\/v2\/media\/264"}],"wp:attachment":[{"href":"https:\/\/fespm.es\/index.php\/wp-json\/wp\/v2\/media?parent=266"}],"wp:term":[{"taxonomy":"category","embeddable":true,"href":"https:\/\/fespm.es\/index.php\/wp-json\/wp\/v2\/categories?post=266"},{"taxonomy":"post_tag","embeddable":true,"href":"https:\/\/fespm.es\/index.php\/wp-json\/wp\/v2\/tags?post=266"}],"curies":[{"name":"wp","href":"https:\/\/api.w.org\/{rel}","templated":true}]}}