{"id":2651,"date":"2023-10-05T21:27:02","date_gmt":"2023-10-05T19:27:02","guid":{"rendered":"https:\/\/fespm.es\/?p=2651"},"modified":"2023-10-05T21:27:05","modified_gmt":"2023-10-05T19:27:05","slug":"ciclo-conferencias-coleccion-miradas-matematicas-10-de-octubre-2023","status":"publish","type":"post","link":"https:\/\/fespm.es\/index.php\/2023\/10\/05\/ciclo-conferencias-coleccion-miradas-matematicas-10-de-octubre-2023\/","title":{"rendered":"CICLO CONFERENCIAS COLECCI\u00d3N MIRADAS MATEM\u00c1TICAS. 10 de octubre 2023"},"content":{"rendered":"\n<p class=\"has-medium-font-size\">Para difundir los distintos t\u00edtulos de la colecci\u00f3n \u201cMiradas matem\u00e1ticas\u201d publicada por la Editorial Catarata y la FESPM, continuamos con una nueva conferencia relativa a otro de los t\u00edtulos de la colecci\u00f3n.<\/p>\n\n\n\n<p class=\"has-medium-font-size\">\u00c9l pr\u00f3xima martes 10 de octubre a las 18:30 horas  presentaci\u00f3n del libro \u00ab<em>Las Matem\u00e1ticas como herramienta de creaci\u00f3n art\u00edstica\u00bb <\/em>de Ra\u00fal Ib\u00e1\u00f1ez editado por Catarata y la FESPM .<\/p>\n\n\n\n<figure class=\"wp-block-gallery has-nested-images columns-default is-cropped wp-block-gallery-1 is-layout-flex wp-block-gallery-is-layout-flex\">\n<figure class=\"wp-block-image size-large\"><img loading=\"lazy\" decoding=\"async\" width=\"800\" height=\"457\" data-id=\"2652\" src=\"https:\/\/fespm.es\/wp-content\/uploads\/2023\/10\/b5300457-45c0-4f19-b88e-283c4b9d88d5.jpg\" alt=\"\" class=\"wp-image-2652\" srcset=\"https:\/\/fespm.es\/wp-content\/uploads\/2023\/10\/b5300457-45c0-4f19-b88e-283c4b9d88d5.jpg 800w, https:\/\/fespm.es\/wp-content\/uploads\/2023\/10\/b5300457-45c0-4f19-b88e-283c4b9d88d5-300x171.jpg 300w, https:\/\/fespm.es\/wp-content\/uploads\/2023\/10\/b5300457-45c0-4f19-b88e-283c4b9d88d5-768x439.jpg 768w, https:\/\/fespm.es\/wp-content\/uploads\/2023\/10\/b5300457-45c0-4f19-b88e-283c4b9d88d5-600x343.jpg 600w\" sizes=\"auto, (max-width: 800px) 100vw, 800px\" \/><\/figure>\n<\/figure>\n\n\n\n<p class=\"has-medium-font-size\"><strong>Ra\u00fal Ib\u00e1\u00f1ez Torres\u00a0<\/strong>es matem\u00e1tico, profesor de Geometr\u00eda en la Universidad del Pa\u00eds Vasco y divulgador cient\u00edfico. Dirige el portal DivulgaMAT, Centro Virtual de Divulgaci\u00f3n de las Matem\u00e1ticas, y es miembro de la comisi\u00f3n de divulgaci\u00f3n de la Real Sociedad Matem\u00e1tica Espa\u00f1ola. Ha sido guionista y presentador del espacio \u00abUna de Mates\u00bb del programa de televisi\u00f3n \u00d3rbita Laika. Colabora desde 2005 en los programas Graffiti y La mec\u00e1nica del caracol en Radio Euskadi. Forma parte de la C\u00e1tedra de Cultura Cient\u00edfica de la UPV\/EHU y de su blog Cuaderno de Cultura Cient\u00edfica. Ha recibido el V Premio Jos\u00e9 Mar\u00eda Savir\u00f3n de Divulgaci\u00f3n Cient\u00edfica (modalidad nacional, 2010) y el Premio COSCE a la Difusi\u00f3n de la Ciencia (2011)<\/p>\n\n\n\n<figure class=\"wp-block-image size-full is-resized\"><img loading=\"lazy\" decoding=\"async\" src=\"http:\/\/fespm.es\/wp-content\/uploads\/2023\/03\/IMG-20230323-WA0010.jpg\" alt=\"\" class=\"wp-image-2520\" width=\"188\" height=\"256\" srcset=\"https:\/\/fespm.es\/wp-content\/uploads\/2023\/03\/IMG-20230323-WA0010.jpg 752w, https:\/\/fespm.es\/wp-content\/uploads\/2023\/03\/IMG-20230323-WA0010-220x300.jpg 220w, https:\/\/fespm.es\/wp-content\/uploads\/2023\/03\/IMG-20230323-WA0010-600x817.jpg 600w\" sizes=\"auto, (max-width: 188px) 100vw, 188px\" \/><\/figure>\n\n\n\n<p class=\"has-medium-font-size\">Inscripci\u00f3n libre desde ZOOM \u00a0<a rel=\"noreferrer noopener\" href=\"http:\/\/us06web.zoom.us\/j\/82524563452\" target=\"_blank\">http:\/\/us06web.zoom.us\/j\/82524563452<\/a>\u00a0<\/p>\n\n\n\n<p class=\"has-medium-font-size\">Los interesados en pedir este libro tendr\u00e1n precio especial asistiendo a la conferencia<\/p>\n\n\n\n<p class=\"has-medium-font-size\">Tambi\u00e9n puedes pedir cualquier otro de la colecci\u00f3n  trav\u00e9s del Servicio de publicaciones de la FESPM\u00a0<\/p>\n\n\n\n<p class=\"has-medium-font-size\"><strong><a href=\"https:\/\/fespm.es\/index.php\/2013\/03\/20\/formulario-de-pedido-al-servicio-de-publicaciones\/\">Pedidos<\/a><\/strong><\/p>\n","protected":false},"excerpt":{"rendered":"<p>Para difundir los distintos t\u00edtulos de la colecci\u00f3n \u201cMiradas matem\u00e1ticas\u201d publicada por la Editorial Catarata y la FESPM, continuamos con una nueva conferencia relativa a otro de los t\u00edtulos de la colecci\u00f3n. \u00c9l pr\u00f3xima martes 10 de octubre a las 18:30 horas presentaci\u00f3n del libro \u00abLas Matem\u00e1ticas como herramienta de creaci\u00f3n art\u00edstica\u00bb de Ra\u00fal Ib\u00e1\u00f1ez [&hellip;]<\/p>\n","protected":false},"author":4,"featured_media":1751,"comment_status":"closed","ping_status":"closed","sticky":false,"template":"","format":"standard","meta":{"footnotes":""},"categories":[5,52,16],"tags":[],"class_list":["post-2651","post","type-post","status-publish","format-standard","has-post-thumbnail","hentry","category-actividades","category-destacados","category-servicio-de-publicaciones"],"_links":{"self":[{"href":"https:\/\/fespm.es\/index.php\/wp-json\/wp\/v2\/posts\/2651","targetHints":{"allow":["GET"]}}],"collection":[{"href":"https:\/\/fespm.es\/index.php\/wp-json\/wp\/v2\/posts"}],"about":[{"href":"https:\/\/fespm.es\/index.php\/wp-json\/wp\/v2\/types\/post"}],"author":[{"embeddable":true,"href":"https:\/\/fespm.es\/index.php\/wp-json\/wp\/v2\/users\/4"}],"replies":[{"embeddable":true,"href":"https:\/\/fespm.es\/index.php\/wp-json\/wp\/v2\/comments?post=2651"}],"version-history":[{"count":2,"href":"https:\/\/fespm.es\/index.php\/wp-json\/wp\/v2\/posts\/2651\/revisions"}],"predecessor-version":[{"id":2654,"href":"https:\/\/fespm.es\/index.php\/wp-json\/wp\/v2\/posts\/2651\/revisions\/2654"}],"wp:featuredmedia":[{"embeddable":true,"href":"https:\/\/fespm.es\/index.php\/wp-json\/wp\/v2\/media\/1751"}],"wp:attachment":[{"href":"https:\/\/fespm.es\/index.php\/wp-json\/wp\/v2\/media?parent=2651"}],"wp:term":[{"taxonomy":"category","embeddable":true,"href":"https:\/\/fespm.es\/index.php\/wp-json\/wp\/v2\/categories?post=2651"},{"taxonomy":"post_tag","embeddable":true,"href":"https:\/\/fespm.es\/index.php\/wp-json\/wp\/v2\/tags?post=2651"}],"curies":[{"name":"wp","href":"https:\/\/api.w.org\/{rel}","templated":true}]}}