{"id":2611,"date":"2023-06-22T14:09:03","date_gmt":"2023-06-22T12:09:03","guid":{"rendered":"https:\/\/fespm.es\/?p=2611"},"modified":"2023-06-22T14:09:05","modified_gmt":"2023-06-22T12:09:05","slug":"la-fespm-celebra-las-finales-nacionales-de-las-olimpiadas-matematicas-2023","status":"publish","type":"post","link":"https:\/\/fespm.es\/index.php\/2023\/06\/22\/la-fespm-celebra-las-finales-nacionales-de-las-olimpiadas-matematicas-2023\/","title":{"rendered":"La FESPM celebra las finales nacionales de las Olimpiadas Matem\u00e1ticas 2023"},"content":{"rendered":"\n<ul class=\"wp-block-list\"><li>V Olimpiada Matem\u00e1tica Nacional Alev\u00edn, en Gran Canaria; XXXIII Olimpiada Matem\u00e1tica Nacional Junior, en Tenerife y II Olimpiada Matem\u00e1tica Nacional Juvenil<br><\/li><\/ul>\n\n\n\n<p>Las finales nacionales de las olimpiadas matem\u00e1ticas, a celebrar en Gran Canaria y Tenerife, ponen el punto final al curso acad\u00e9mico 2022-2023.<\/p>\n\n\n\n<p>\u201cLas olimpiadas matem\u00e1ticas alev\u00edn y junior son actividades de resoluci\u00f3n de problemas, con las que pretendemos fomentar en el alumnado el empleo de habilidades y capacidades propias del pensamiento matem\u00e1tico, as\u00ed como mejorar su actitud hacia el trabajo matem\u00e1tico. Esta fase nacional no es una competici\u00f3n, sino un reconocimiento a todas las personas que han hecho posible, un a\u00f1o m\u00e1s,&nbsp; el \u00e9xito de las olimpiadas: alumnado, profesorado y sociedades organizadoras\u201d, Julio Rodr\u00edguez Taboada, presidente de la Federaci\u00f3n Espa\u00f1ola de Sociedades de Profesores de Matem\u00e1ticas, FESPM.<\/p>\n\n\n\n<p>En el presente curso 2022-23, la Sociedad Canaria de Profesorado de Matem\u00e1ticas \u2018Luis Balbuena Castellano\u2019 organiza la XXXIII Olimpiada Matem\u00e1tica Nacional Junior para alumnado de Educaci\u00f3n Secundaria, en Tenerife y la V Olimpiada Matem\u00e1tica Nacional Alev\u00edn para alumnado de Educaci\u00f3n Primaria, en Gran Canaria.<\/p>\n\n\n\n<p>Estas Olimpiadas nacionales son la culminaci\u00f3n de cu\u00e1ntas se desarrollan previamente en sus tres diferentes fases: local, provincial y auton\u00f3mica. Las actividades de selecci\u00f3n, que est\u00e1n estructuradas en pruebas individuales y por equipos, pretenden resaltar las capacidades de resoluci\u00f3n de problemas, las componentes culturales de las matem\u00e1ticas y el esp\u00edritu del trabajo colaborativo.&nbsp;<\/p>\n\n\n\n<p><strong>V Olimpiada Matem\u00e1tica Nacional Alev\u00edn. Gran Canaria, 2023<\/strong><br>La Olimpiada se celebrar\u00e1 entre los d\u00edas 27 y 30 de junio de 2023 en la isla de Gran Canaria. Consistir\u00e1 en una prueba individual y una prueba por equipos y asistir\u00e1n 13 sociedades con un total de 44 alumnos y alumnas participantes.&nbsp;<\/p>\n\n\n\n<p>La Olimpiada tendr\u00e1 adem\u00e1s de las pruebas mencionadas actividades como la visita al barrio de La Vegueta, al jard\u00edn Canario, por el paseo mar\u00edtimo, y la visita al centro de interpretaci\u00f3n Risco Ca\u00eddo. Tambi\u00e9n se pasear\u00e1 por Las Canteras y se visitar\u00e1 el museo Elder.<\/p>\n\n\n\n<p>El acto de entrega de premios se acompa\u00f1ar\u00e1 de una conferencia a cargo del divulgador Santi Cremades.<\/p>\n\n\n\n<p><strong>XXIII Olimpiada Matem\u00e1tica Nacional Junior. Tenerife, 2023<\/strong><\/p>\n\n\n\n<p>Esta Olimpiada se celebrar\u00e1 entre los d\u00edas 23 y 26 de junio de 2023 en la isla de Tenerife. Consistir\u00e1 en una prueba individual y una prueba por equipos y asistir\u00e1n 17 sociedades, m\u00e1s los invitados de Andorra, Marruecos y Francia, con un total de 65 alumnos y alumnas participantes.&nbsp;<\/p>\n\n\n\n<p>Se disfrutar\u00e1n otras actividades como la visita al municipio de La Laguna con el profesor Luis Balbuena. Habr\u00e1 tambi\u00e9n mon\u00f3logos y juegos matem\u00e1ticos, se visitar\u00e1 la Casa-Museo de la Matem\u00e1tica Educativa de Tenerife y el museo de la ciencia y el cosmos. Se incluir\u00e1n tambi\u00e9n algunas actividades en el Palmetum y en el Parque Mar\u00edtimo C\u00e9sar Manrique para fomentar la convivencia entre los estudiantes.<\/p>\n\n\n\n<p>En el acto de entrega de premios, que se celebrar\u00e1 en el Auditorio de Santa Cruz, se disfrutar\u00e1 de una actuaci\u00f3n del matemago Nelo.<\/p>\n\n\n\n<p><strong>II Olimpiada Matem\u00e1tica Nacional Juvenil.&nbsp; Semipresencial, 2023<\/strong><\/p>\n\n\n\n<p>Y tambi\u00e9n en este mes de junio, el pasado 3 de junio tuvo lugar la Olimpiada Matem\u00e1tica Nacional Juvenil, 4.\u00ba ESO, convocada por la Federaci\u00f3n Espa\u00f1ola de Sociedades de Profesores de Matem\u00e1ticas (FESPM) y que, este a\u00f1o, ha sido organizada, de manera semi-presencial, por la Asociaci\u00f3n Castellana y Leonesa de Educaci\u00f3n Matem\u00e1tica \u2018Miguel de Guzm\u00e1n\u2019.<\/p>\n\n\n\n<p>Un total de 24 estudiantes representaron a 8 sociedades tras haber sido seleccionados, en una fase inicial, en sus centros educativos para, a continuaci\u00f3n, triunfar en las fases provinciales y continuar despuntando en las fases auton\u00f3micas.<\/p>\n\n\n\n<p>Esta Olimpiada es la evoluci\u00f3n de la ya tradicional Olimpiada Junior (1.\u00ba y 2.\u00ba de ESO) que cuenta con representaci\u00f3n de todas las sociedades del territorio nacional, as\u00ed como con la participaci\u00f3n, como invitados, de centros espa\u00f1oles de algunos pa\u00edses de nuestro entorno. \u201cDesde la FESPM tenemos la certeza de que esta Olimpiada Juvenil alcanzar\u00e1 la misma implantaci\u00f3n que la Junior\u201d, traslada Rodr\u00edguez Taboada.<\/p>\n\n\n\n<p>Los alumnos, acompa\u00f1ados por un docente, escucharon las palabras de bienvenida de presidente nacional de la FESPM Julio Rodr\u00edguez Taboada y la presidenta de la ACLEM \u2018Miguel de Guzm\u00e1n\u2019, Sonsoles Blazquez Mart\u00edn, tras las cuales demostraron su capacidad de razonamiento en una prueba de resoluci\u00f3n de problemas matem\u00e1ticos. Al finalizar la misma, cada asociaci\u00f3n organiz\u00f3 actividades de convivencia entre los estudiantes.<\/p>\n\n\n\n<p>Los ganadores nacionales se dar\u00e1n a conocer el \u00faltimo fin de semana de junio, durante la celebraci\u00f3n de la XXXIII Olimpiada Matem\u00e1tica Nacional, en Tenerife.<\/p>\n","protected":false},"excerpt":{"rendered":"<p>V Olimpiada Matem\u00e1tica Nacional Alev\u00edn, en Gran Canaria; XXXIII Olimpiada Matem\u00e1tica Nacional Junior, en Tenerife y II Olimpiada Matem\u00e1tica Nacional Juvenil Las finales nacionales de las olimpiadas matem\u00e1ticas, a celebrar en Gran Canaria y Tenerife, ponen el punto final al curso acad\u00e9mico 2022-2023. \u201cLas olimpiadas matem\u00e1ticas alev\u00edn y junior son actividades de resoluci\u00f3n de problemas, [&hellip;]<\/p>\n","protected":false},"author":6,"featured_media":2612,"comment_status":"closed","ping_status":"closed","sticky":false,"template":"","format":"standard","meta":{"footnotes":""},"categories":[86,85,7,52],"tags":[],"class_list":["post-2611","post","type-post","status-publish","format-standard","has-post-thumbnail","hentry","category-2023-gran-canaria","category-2023-tenerife","category-actualidad","category-destacados"],"_links":{"self":[{"href":"https:\/\/fespm.es\/index.php\/wp-json\/wp\/v2\/posts\/2611","targetHints":{"allow":["GET"]}}],"collection":[{"href":"https:\/\/fespm.es\/index.php\/wp-json\/wp\/v2\/posts"}],"about":[{"href":"https:\/\/fespm.es\/index.php\/wp-json\/wp\/v2\/types\/post"}],"author":[{"embeddable":true,"href":"https:\/\/fespm.es\/index.php\/wp-json\/wp\/v2\/users\/6"}],"replies":[{"embeddable":true,"href":"https:\/\/fespm.es\/index.php\/wp-json\/wp\/v2\/comments?post=2611"}],"version-history":[{"count":1,"href":"https:\/\/fespm.es\/index.php\/wp-json\/wp\/v2\/posts\/2611\/revisions"}],"predecessor-version":[{"id":2613,"href":"https:\/\/fespm.es\/index.php\/wp-json\/wp\/v2\/posts\/2611\/revisions\/2613"}],"wp:featuredmedia":[{"embeddable":true,"href":"https:\/\/fespm.es\/index.php\/wp-json\/wp\/v2\/media\/2612"}],"wp:attachment":[{"href":"https:\/\/fespm.es\/index.php\/wp-json\/wp\/v2\/media?parent=2611"}],"wp:term":[{"taxonomy":"category","embeddable":true,"href":"https:\/\/fespm.es\/index.php\/wp-json\/wp\/v2\/categories?post=2611"},{"taxonomy":"post_tag","embeddable":true,"href":"https:\/\/fespm.es\/index.php\/wp-json\/wp\/v2\/tags?post=2611"}],"curies":[{"name":"wp","href":"https:\/\/api.w.org\/{rel}","templated":true}]}}