{"id":2599,"date":"2023-05-30T20:29:02","date_gmt":"2023-05-30T18:29:02","guid":{"rendered":"https:\/\/fespm.es\/?p=2599"},"modified":"2023-05-30T20:32:16","modified_gmt":"2023-05-30T18:32:16","slug":"congreso-internacional-de-geogebra-2023","status":"publish","type":"post","link":"https:\/\/fespm.es\/index.php\/2023\/05\/30\/congreso-internacional-de-geogebra-2023\/","title":{"rendered":"Congreso Internacional de GeoGebra 2023"},"content":{"rendered":"\n<p>Organizado por la&nbsp;<a href=\"https:\/\/urldefense.com\/v3\/__https:\/fespm.es\/__;!!D9dNQwwGXtA!RPDQ_rBg5LEJnLjL8OcJK-4S4wpVjtPtrGCJXvKzVRQqvscRVUDK7v9dvRrPpBTk905uS0VoHeONzacgPXgvWGLy_oZpmg$\" target=\"_blank\" rel=\"noreferrer noopener\">Federaci\u00f3n Espa\u00f1ola de Sociedades de Profesores de Matem\u00e1ticas (FESPM)<\/a>&nbsp;tendr\u00e1 lugar en&nbsp;<a href=\"https:\/\/urldefense.com\/v3\/__https:\/es.wikipedia.org\/wiki\/C**Ardoba_(Espa**Aa)__;w7PDsQ!!D9dNQwwGXtA!RPDQ_rBg5LEJnLjL8OcJK-4S4wpVjtPtrGCJXvKzVRQqvscRVUDK7v9dvRrPpBTk905uS0VoHeONzacgPXgvWGILxEmxXw$\" target=\"_blank\" rel=\"noreferrer noopener\">C\u00f3rdoba (Espa\u00f1a)<\/a>los d\u00edas 9 al 12 de noviembre de 2023, contando con presencia de conferenciantes de Argentina, Brasil, Ecuador, Espa\u00f1a, Francia, Portugal y Uruguay, adem\u00e1s del equipo internacional de&nbsp;<a href=\"https:\/\/urldefense.com\/v3\/__http:\/www.geogebra.org\/__;!!D9dNQwwGXtA!RPDQ_rBg5LEJnLjL8OcJK-4S4wpVjtPtrGCJXvKzVRQqvscRVUDK7v9dvRrPpBTk905uS0VoHeONzacgPXgvWGJwWByLiw$\" target=\"_blank\" rel=\"noreferrer noopener\">GeoGebra<\/a>&nbsp;encabezado por su creador, Markus Hohenwarter.<\/p>\n\n\n\n<p>El congreso tiene como objetivo mostrar el uso que se hace de este software en los distintos pa\u00edses as\u00ed como&nbsp;&nbsp;conocer el futuro de GeoGebra a trav\u00e9s de las novedades que desde el equipo internacional puedan mostrar.<\/p>\n\n\n\n<p>Este congreso cuenta con el apoyo de la&nbsp;<a href=\"https:\/\/urldefense.com\/v3\/__https:\/oei.int\/__;!!D9dNQwwGXtA!RPDQ_rBg5LEJnLjL8OcJK-4S4wpVjtPtrGCJXvKzVRQqvscRVUDK7v9dvRrPpBTk905uS0VoHeONzacgPXgvWGIQbadubA$\" target=\"_blank\" rel=\"noreferrer noopener\">Organizaci\u00f3n de Estados Iberoamericanos (OEI)<\/a>&nbsp;as\u00ed como de la&nbsp;<a href=\"https:\/\/www.uco.es\/\" target=\"_blank\" rel=\"noreferrer noopener\">Universidad de C\u00f3rdoba<\/a> (Espa\u00f1a) y de otras asociaciones como la&nbsp;<a href=\"https:\/\/urldefense.com\/v3\/__https:\/fisem.org\/__;!!D9dNQwwGXtA!RPDQ_rBg5LEJnLjL8OcJK-4S4wpVjtPtrGCJXvKzVRQqvscRVUDK7v9dvRrPpBTk905uS0VoHeONzacgPXgvWGIBgoYtEg$\" target=\"_blank\" rel=\"noreferrer noopener\">Federaci\u00f3n Iberoamericana de Sociedades de Educaci\u00f3n Matem\u00e1tica (FISEM)<\/a>&nbsp;y de la&nbsp;<a href=\"https:\/\/urldefense.com\/v3\/__https:\/thales.cica.es\/__;!!D9dNQwwGXtA!RPDQ_rBg5LEJnLjL8OcJK-4S4wpVjtPtrGCJXvKzVRQqvscRVUDK7v9dvRrPpBTk905uS0VoHeONzacgPXgvWGIiJ2uG5g$\" target=\"_blank\" rel=\"noreferrer noopener\">Sociedad Andaluza de Educaci\u00f3n Matem\u00e1tica Thales<\/a>.<\/p>\n\n\n\n<p>Toda la informaci\u00f3n est\u00e1 disponible en&nbsp;<a href=\"https:\/\/urldefense.com\/v3\/__http:\/www.congresogeogebra.org\/__;!!D9dNQwwGXtA!RPDQ_rBg5LEJnLjL8OcJK-4S4wpVjtPtrGCJXvKzVRQqvscRVUDK7v9dvRrPpBTk905uS0VoHeONzacgPXgvWGI9SJqAdw$\" target=\"_blank\" rel=\"noreferrer noopener\">www.congresogeogebra.org<\/a>&nbsp;estando abierto el plazo de inscripci\u00f3n reducida hasta el 30 de junio. Las plazas son limitadas.&nbsp;<\/p>\n\n\n\n<p>El plazo para la presentaci\u00f3n de trabajos (comunicaciones, posters) por parte de los asistentes est\u00e1 abierto hasta el 30 de junio,&nbsp;<a href=\"https:\/\/urldefense.com\/v3\/__https:\/congresogeogebra.org\/index.php\/plazos-y-normas\/__;!!D9dNQwwGXtA!RPDQ_rBg5LEJnLjL8OcJK-4S4wpVjtPtrGCJXvKzVRQqvscRVUDK7v9dvRrPpBTk905uS0VoHeONzacgPXgvWGIbQ9JF7A$\" target=\"_blank\" rel=\"noreferrer noopener\">https:\/\/congresogeogebra.org\/index.php\/plazos-y-normas\/<\/a><\/p>\n\n\n\n<p>Para cualquier consulta, escribir a&nbsp;<strong><a href=\"mailto:geogebra@fespm.es\" target=\"_blank\" rel=\"noreferrer noopener\">geogebra@fespm.es<\/a><\/strong><\/p>\n","protected":false},"excerpt":{"rendered":"<p>Organizado por la&nbsp;Federaci\u00f3n Espa\u00f1ola de Sociedades de Profesores de Matem\u00e1ticas (FESPM)&nbsp;tendr\u00e1 lugar en&nbsp;C\u00f3rdoba (Espa\u00f1a)los d\u00edas 9 al 12 de noviembre de 2023, contando con presencia de conferenciantes de Argentina, Brasil, Ecuador, Espa\u00f1a, Francia, Portugal y Uruguay, adem\u00e1s del equipo internacional de&nbsp;GeoGebra&nbsp;encabezado por su creador, Markus Hohenwarter. El congreso tiene como objetivo mostrar el uso que [&hellip;]<\/p>\n","protected":false},"author":1,"featured_media":2602,"comment_status":"closed","ping_status":"closed","sticky":false,"template":"","format":"standard","meta":{"footnotes":""},"categories":[5,52],"tags":[],"class_list":["post-2599","post","type-post","status-publish","format-standard","has-post-thumbnail","hentry","category-actividades","category-destacados"],"_links":{"self":[{"href":"https:\/\/fespm.es\/index.php\/wp-json\/wp\/v2\/posts\/2599","targetHints":{"allow":["GET"]}}],"collection":[{"href":"https:\/\/fespm.es\/index.php\/wp-json\/wp\/v2\/posts"}],"about":[{"href":"https:\/\/fespm.es\/index.php\/wp-json\/wp\/v2\/types\/post"}],"author":[{"embeddable":true,"href":"https:\/\/fespm.es\/index.php\/wp-json\/wp\/v2\/users\/1"}],"replies":[{"embeddable":true,"href":"https:\/\/fespm.es\/index.php\/wp-json\/wp\/v2\/comments?post=2599"}],"version-history":[{"count":1,"href":"https:\/\/fespm.es\/index.php\/wp-json\/wp\/v2\/posts\/2599\/revisions"}],"predecessor-version":[{"id":2600,"href":"https:\/\/fespm.es\/index.php\/wp-json\/wp\/v2\/posts\/2599\/revisions\/2600"}],"wp:featuredmedia":[{"embeddable":true,"href":"https:\/\/fespm.es\/index.php\/wp-json\/wp\/v2\/media\/2602"}],"wp:attachment":[{"href":"https:\/\/fespm.es\/index.php\/wp-json\/wp\/v2\/media?parent=2599"}],"wp:term":[{"taxonomy":"category","embeddable":true,"href":"https:\/\/fespm.es\/index.php\/wp-json\/wp\/v2\/categories?post=2599"},{"taxonomy":"post_tag","embeddable":true,"href":"https:\/\/fespm.es\/index.php\/wp-json\/wp\/v2\/tags?post=2599"}],"curies":[{"name":"wp","href":"https:\/\/api.w.org\/{rel}","templated":true}]}}