{"id":2596,"date":"2023-06-20T20:26:00","date_gmt":"2023-06-20T18:26:00","guid":{"rendered":"https:\/\/fespm.es\/?p=2596"},"modified":"2023-06-21T08:27:57","modified_gmt":"2023-06-21T06:27:57","slug":"xiii-escuela-miguel-de-guzman-2023","status":"publish","type":"post","link":"https:\/\/fespm.es\/index.php\/2023\/06\/20\/xiii-escuela-miguel-de-guzman-2023\/","title":{"rendered":"XIII Escuela Miguel de Guzm\u00e1n 2023"},"content":{"rendered":"\n<p><strong>Se ampl\u00eda el plazo de inscripci\u00f3n hasta el 27 de junio<\/strong><\/p>\n\n\n\n<p>Comprender la diversidad del aula significa ser respetuoso con los diferentes ritmos y maneras de aprender y ser conscientes de que todas las personas tenemos puntos fuertes y d\u00e9biles. Uno de los pilares fundamentales para el \u00e9xito educativo es que el profesorado tenga altas expectativas hacia todo su alumnado.<\/p>\n\n\n\n<p>Las l\u00edneas principales en la definici\u00f3n de las competencias espec\u00edficas de matem\u00e1ticas en la LOMLOE son la resoluci\u00f3n de problemas y las destrezas socioafectivas. A pesar de que las destrezas socioafectivas han causado controversia en la opini\u00f3n p\u00fablica, la investigaci\u00f3n en did\u00e1ctica ha demostrado que el rendimiento en matem\u00e1ticas puede mejorar si se cuestionan los prejuicios y se desarrollan emociones positivas hacia las matem\u00e1ticas. Desarrollar destrezas sociales reconociendo y respetando las emociones favorece, entre otras cosas, la ruptura de ideas preconcebidas sobre las matem\u00e1ticas asociadas a cuestiones individuales, como las relacionadas con el g\u00e9nero o con la creencia en la existencia de una aptitud innata para las matem\u00e1ticas.<\/p>\n\n\n\n<p><strong><a href=\"https:\/\/escuelamigueldeguzman.fespm.es\/\" target=\"_blank\" rel=\"noreferrer noopener\">M\u00e1s informaci\u00f3n AQU\u00cd<\/a><\/strong><\/p>\n\n\n\n<p><strong><a href=\"http:\/\/fespm.es\/wp-content\/uploads\/2023\/05\/ficha-participante-Escuela-Miguel-de-Guzman.docx\">Descarga AQU\u00cd la ficha de participante<\/a><\/strong><\/p>\n","protected":false},"excerpt":{"rendered":"<p>Se ampl\u00eda el plazo de inscripci\u00f3n hasta el 27 de junio Comprender la diversidad del aula significa ser respetuoso con los diferentes ritmos y maneras de aprender y ser conscientes de que todas las personas tenemos puntos fuertes y d\u00e9biles. Uno de los pilares fundamentales para el \u00e9xito educativo es que el profesorado tenga altas [&hellip;]<\/p>\n","protected":false},"author":1,"featured_media":2239,"comment_status":"closed","ping_status":"closed","sticky":false,"template":"","format":"standard","meta":{"footnotes":""},"categories":[52,18],"tags":[],"class_list":["post-2596","post","type-post","status-publish","format-standard","has-post-thumbnail","hentry","category-destacados","category-escuela-miguel-de-guzman"],"_links":{"self":[{"href":"https:\/\/fespm.es\/index.php\/wp-json\/wp\/v2\/posts\/2596","targetHints":{"allow":["GET"]}}],"collection":[{"href":"https:\/\/fespm.es\/index.php\/wp-json\/wp\/v2\/posts"}],"about":[{"href":"https:\/\/fespm.es\/index.php\/wp-json\/wp\/v2\/types\/post"}],"author":[{"embeddable":true,"href":"https:\/\/fespm.es\/index.php\/wp-json\/wp\/v2\/users\/1"}],"replies":[{"embeddable":true,"href":"https:\/\/fespm.es\/index.php\/wp-json\/wp\/v2\/comments?post=2596"}],"version-history":[{"count":2,"href":"https:\/\/fespm.es\/index.php\/wp-json\/wp\/v2\/posts\/2596\/revisions"}],"predecessor-version":[{"id":2609,"href":"https:\/\/fespm.es\/index.php\/wp-json\/wp\/v2\/posts\/2596\/revisions\/2609"}],"wp:featuredmedia":[{"embeddable":true,"href":"https:\/\/fespm.es\/index.php\/wp-json\/wp\/v2\/media\/2239"}],"wp:attachment":[{"href":"https:\/\/fespm.es\/index.php\/wp-json\/wp\/v2\/media?parent=2596"}],"wp:term":[{"taxonomy":"category","embeddable":true,"href":"https:\/\/fespm.es\/index.php\/wp-json\/wp\/v2\/categories?post=2596"},{"taxonomy":"post_tag","embeddable":true,"href":"https:\/\/fespm.es\/index.php\/wp-json\/wp\/v2\/tags?post=2596"}],"curies":[{"name":"wp","href":"https:\/\/api.w.org\/{rel}","templated":true}]}}