{"id":2537,"date":"2023-04-14T00:04:42","date_gmt":"2023-04-13T22:04:42","guid":{"rendered":"https:\/\/fespm.es\/?p=2537"},"modified":"2023-04-14T00:04:44","modified_gmt":"2023-04-13T22:04:44","slug":"v-encuentro-apm-fespm-la-creatividad-en-matematicas","status":"publish","type":"post","link":"https:\/\/fespm.es\/index.php\/2023\/04\/14\/v-encuentro-apm-fespm-la-creatividad-en-matematicas\/","title":{"rendered":"V ENCUENTRO APM \u2013 FESPM: La creatividad en matem\u00e1ticas"},"content":{"rendered":"\n<p>Desde 2018 que la Federaci\u00f3n Espa\u00f1ola de Sociedades de Profesores de Matem\u00e1ticas (FESPM) y la Asociaci\u00f3n de Profesores de Matem\u00e1tica (APM) de Portugal organizan un seminario anual conjunto sobre temas relevantes de la ense\u00f1anza y del aprendizaje de las Matem\u00e1ticas. Estos seminarios se vienen realizando alternadamente en Espa\u00f1a y en Portugal, bajo el patrocinio de alguna instituci\u00f3n de ense\u00f1anza superior. As\u00ed, en 2018, el primer seminario, dedicado al tema Modelizaci\u00f3n matem\u00e1tica, se ha realizado en Salamanca (Universidad); en 2019, el segundo seminario tuvo lugar en Santar\u00e9m (Instituto Polit\u00e9cnico), bajo el tema Las Matem\u00e1ticas frente a los desaf\u00edos STEM-STEAM \u2014 Eslab\u00f3n para unir las dos culturas; en el 2020 el seminario estuvo suspendido por razones de la pandemia, para ser retomado en 2021, en Badajoz, con el tema Pensamiento Computacional y en \u00c9vora (Portugal) la edici\u00f3n de 2022, dedicada a la Resoluci\u00f3n de Problemas.<\/p>\n\n\n\n<p><a rel=\"noreferrer noopener\" href=\"http:\/\/fespm.es\/wp-content\/uploads\/2023\/04\/Convocatoria-V-Encuentro-APM-FESPM-Creatividad-en-matematicas.pdf\" target=\"_blank\"><strong>Descarga la convocatoria pulsando aqu\u00ed<\/strong><\/a><\/p>\n","protected":false},"excerpt":{"rendered":"<p>Desde 2018 que la Federaci\u00f3n Espa\u00f1ola de Sociedades de Profesores de Matem\u00e1ticas (FESPM) y la Asociaci\u00f3n de Profesores de Matem\u00e1tica (APM) de Portugal organizan un seminario anual conjunto sobre temas relevantes de la ense\u00f1anza y del aprendizaje de las Matem\u00e1ticas. Estos seminarios se vienen realizando alternadamente en Espa\u00f1a y en Portugal, bajo el patrocinio de [&hellip;]<\/p>\n","protected":false},"author":1,"featured_media":800,"comment_status":"closed","ping_status":"closed","sticky":false,"template":"","format":"standard","meta":{"footnotes":""},"categories":[5,7,52],"tags":[],"class_list":["post-2537","post","type-post","status-publish","format-standard","has-post-thumbnail","hentry","category-actividades","category-actualidad","category-destacados"],"_links":{"self":[{"href":"https:\/\/fespm.es\/index.php\/wp-json\/wp\/v2\/posts\/2537","targetHints":{"allow":["GET"]}}],"collection":[{"href":"https:\/\/fespm.es\/index.php\/wp-json\/wp\/v2\/posts"}],"about":[{"href":"https:\/\/fespm.es\/index.php\/wp-json\/wp\/v2\/types\/post"}],"author":[{"embeddable":true,"href":"https:\/\/fespm.es\/index.php\/wp-json\/wp\/v2\/users\/1"}],"replies":[{"embeddable":true,"href":"https:\/\/fespm.es\/index.php\/wp-json\/wp\/v2\/comments?post=2537"}],"version-history":[{"count":1,"href":"https:\/\/fespm.es\/index.php\/wp-json\/wp\/v2\/posts\/2537\/revisions"}],"predecessor-version":[{"id":2539,"href":"https:\/\/fespm.es\/index.php\/wp-json\/wp\/v2\/posts\/2537\/revisions\/2539"}],"wp:featuredmedia":[{"embeddable":true,"href":"https:\/\/fespm.es\/index.php\/wp-json\/wp\/v2\/media\/800"}],"wp:attachment":[{"href":"https:\/\/fespm.es\/index.php\/wp-json\/wp\/v2\/media?parent=2537"}],"wp:term":[{"taxonomy":"category","embeddable":true,"href":"https:\/\/fespm.es\/index.php\/wp-json\/wp\/v2\/categories?post=2537"},{"taxonomy":"post_tag","embeddable":true,"href":"https:\/\/fespm.es\/index.php\/wp-json\/wp\/v2\/tags?post=2537"}],"curies":[{"name":"wp","href":"https:\/\/api.w.org\/{rel}","templated":true}]}}