{"id":2532,"date":"2023-04-30T10:00:00","date_gmt":"2023-04-30T08:00:00","guid":{"rendered":"https:\/\/fespm.es\/?p=2532"},"modified":"2024-02-01T14:34:47","modified_gmt":"2024-02-01T12:34:47","slug":"ii-olimpiada-matematica-nacional-juvenil","status":"publish","type":"post","link":"https:\/\/fespm.es\/index.php\/2023\/04\/30\/ii-olimpiada-matematica-nacional-juvenil\/","title":{"rendered":"II Olimpiada Matem\u00e1tica Nacional Juvenil"},"content":{"rendered":"<div class=\"wp-block-image\">\n<figure class=\"aligncenter size-full is-resized\"><img loading=\"lazy\" decoding=\"async\" src=\"https:\/\/fespm.es\/wp-content\/uploads\/2023\/05\/imagen.png\" alt=\"\" class=\"wp-image-2554\" width=\"369\" height=\"479\" srcset=\"https:\/\/fespm.es\/wp-content\/uploads\/2023\/05\/imagen.png 588w, https:\/\/fespm.es\/wp-content\/uploads\/2023\/05\/imagen-231x300.png 231w\" sizes=\"auto, (max-width: 369px) 100vw, 369px\" \/><figcaption>II OMN Juvenil<\/figcaption><\/figure><\/div>\n\n\n<p>El pasado 3 de junio se celebr\u00f3 la II OMN Juvenil para alumnado de 3\u00ba y 4\u00ba de ESO. La Asociaci\u00f3n Castellano y Leonesa \u00abMiguel de Guzm\u00e1n\u00bb se encarg\u00f3 de su organizaci\u00f3n.<\/p>\n\n\n\n<p>Aqu\u00ed tienen el <a rel=\"noreferrer noopener\" href=\"http:\/\/fespm.es\/wp-content\/uploads\/2023\/05\/Cartel-II-Olimpiada-Nacional-Juvenil-2023.pdf\" target=\"_blank\">cartel de la Olimpiada<\/a> por si desean descargarlo.<\/p>\n\n\n\n<p>Una vez concluida la II edici\u00f3n de esta Olimpiada Matem\u00e1tica Nacional Juvenil, les dejamos la <a rel=\"noreferrer noopener\" href=\"http:\/\/fespm.es\/wp-content\/uploads\/2023\/07\/IIOMNJuvenil_Prueba-Individual.pdf\" target=\"_blank\">prueba individual<\/a> por si desean conocerla. Les dejamos igualmente el <a rel=\"noreferrer noopener\" href=\"http:\/\/fespm.es\/wp-content\/uploads\/2023\/07\/Acta-de-ganadores_IIOMN-Juvenil_2023.pdf\" target=\"_blank\">acta de ganadores<\/a> de la Olimpiada. Enhorabuena a todos y todas por su participaci\u00f3n.<\/p>\n","protected":false},"excerpt":{"rendered":"<p>El pasado 3 de junio se celebr\u00f3 la II OMN Juvenil para alumnado de 3\u00ba y 4\u00ba de ESO. La Asociaci\u00f3n Castellano y Leonesa \u00abMiguel de Guzm\u00e1n\u00bb se encarg\u00f3 de su organizaci\u00f3n. Aqu\u00ed tienen el cartel de la Olimpiada por si desean descargarlo. Una vez concluida la II edici\u00f3n de esta Olimpiada Matem\u00e1tica Nacional Juvenil, [&hellip;]<\/p>\n","protected":false},"author":3,"featured_media":0,"comment_status":"closed","ping_status":"closed","sticky":false,"template":"","format":"standard","meta":{"footnotes":""},"categories":[9,5,55],"tags":[],"class_list":["post-2532","post","type-post","status-publish","format-standard","hentry","category-olimpiada-matematica","category-actividades","category-olimpiada-segundo-ciclo"],"_links":{"self":[{"href":"https:\/\/fespm.es\/index.php\/wp-json\/wp\/v2\/posts\/2532","targetHints":{"allow":["GET"]}}],"collection":[{"href":"https:\/\/fespm.es\/index.php\/wp-json\/wp\/v2\/posts"}],"about":[{"href":"https:\/\/fespm.es\/index.php\/wp-json\/wp\/v2\/types\/post"}],"author":[{"embeddable":true,"href":"https:\/\/fespm.es\/index.php\/wp-json\/wp\/v2\/users\/3"}],"replies":[{"embeddable":true,"href":"https:\/\/fespm.es\/index.php\/wp-json\/wp\/v2\/comments?post=2532"}],"version-history":[{"count":4,"href":"https:\/\/fespm.es\/index.php\/wp-json\/wp\/v2\/posts\/2532\/revisions"}],"predecessor-version":[{"id":2629,"href":"https:\/\/fespm.es\/index.php\/wp-json\/wp\/v2\/posts\/2532\/revisions\/2629"}],"wp:attachment":[{"href":"https:\/\/fespm.es\/index.php\/wp-json\/wp\/v2\/media?parent=2532"}],"wp:term":[{"taxonomy":"category","embeddable":true,"href":"https:\/\/fespm.es\/index.php\/wp-json\/wp\/v2\/categories?post=2532"},{"taxonomy":"post_tag","embeddable":true,"href":"https:\/\/fespm.es\/index.php\/wp-json\/wp\/v2\/tags?post=2532"}],"curies":[{"name":"wp","href":"https:\/\/api.w.org\/{rel}","templated":true}]}}