{"id":244,"date":"2011-05-20T15:12:03","date_gmt":"2011-05-20T15:12:03","guid":{"rendered":"http:\/\/fespm.semrm.com\/index.php\/2011\/05\/20\/vigo-2011-programa\/"},"modified":"2011-05-20T15:12:03","modified_gmt":"2011-05-20T15:12:03","slug":"vigo-2011-programa","status":"publish","type":"post","link":"https:\/\/fespm.es\/index.php\/2011\/05\/20\/vigo-2011-programa\/","title":{"rendered":"Vigo 2011: Programa"},"content":{"rendered":"<p>La XXII Olimpiada se celebrar\u00e1 del 26 de junio (tarde) al 30 de junio (mediod\u00eda) en Vigo.<\/p>\n<p>Como cada Olimpiada, en Vigo 2011 se combinar\u00e1n pruebas de resoluci\u00f3n de problemas individuales y por equipos, pruebas de fotograf\u00eda matem\u00e1tica, actividades l\u00fadicas, culturales&#8230;  Visitaremos las Islas C\u00edes, Santiago de Compostela, y la Universidad y el Parque de Castrelos en Vigo.  Pod\u00e9is descargaros <a href=\"http:\/\/fespm.es\/wp-content\/uploads\/2011\/05\/vigo2011.pdf\">el programa detallado<\/a>.<\/p>\n","protected":false},"excerpt":{"rendered":"<p>La XXII Olimpiada se celebrar\u00e1 del 26 de junio (tarde) al 30 de junio (mediod\u00eda) en Vigo. Como cada Olimpiada, en Vigo 2011 se combinar\u00e1n pruebas de resoluci\u00f3n de problemas individuales y por equipos, pruebas de fotograf\u00eda matem\u00e1tica, actividades l\u00fadicas, culturales&#8230; Visitaremos las Islas C\u00edes, Santiago de Compostela, y la Universidad y el Parque de [&hellip;]<\/p>\n","protected":false},"author":1,"featured_media":0,"comment_status":"closed","ping_status":"open","sticky":false,"template":"","format":"standard","meta":{"footnotes":""},"categories":[23],"tags":[],"class_list":["post-244","post","type-post","status-publish","format-standard","hentry","category-vigo-2011"],"_links":{"self":[{"href":"https:\/\/fespm.es\/index.php\/wp-json\/wp\/v2\/posts\/244","targetHints":{"allow":["GET"]}}],"collection":[{"href":"https:\/\/fespm.es\/index.php\/wp-json\/wp\/v2\/posts"}],"about":[{"href":"https:\/\/fespm.es\/index.php\/wp-json\/wp\/v2\/types\/post"}],"author":[{"embeddable":true,"href":"https:\/\/fespm.es\/index.php\/wp-json\/wp\/v2\/users\/1"}],"replies":[{"embeddable":true,"href":"https:\/\/fespm.es\/index.php\/wp-json\/wp\/v2\/comments?post=244"}],"version-history":[{"count":0,"href":"https:\/\/fespm.es\/index.php\/wp-json\/wp\/v2\/posts\/244\/revisions"}],"wp:attachment":[{"href":"https:\/\/fespm.es\/index.php\/wp-json\/wp\/v2\/media?parent=244"}],"wp:term":[{"taxonomy":"category","embeddable":true,"href":"https:\/\/fespm.es\/index.php\/wp-json\/wp\/v2\/categories?post=244"},{"taxonomy":"post_tag","embeddable":true,"href":"https:\/\/fespm.es\/index.php\/wp-json\/wp\/v2\/tags?post=244"}],"curies":[{"name":"wp","href":"https:\/\/api.w.org\/{rel}","templated":true}]}}