{"id":2405,"date":"2022-10-25T20:54:32","date_gmt":"2022-10-25T18:54:32","guid":{"rendered":"https:\/\/fespm.es\/?p=2405"},"modified":"2022-10-25T20:54:34","modified_gmt":"2022-10-25T18:54:34","slug":"geometria-y-diseno","status":"publish","type":"post","link":"https:\/\/fespm.es\/index.php\/2022\/10\/25\/geometria-y-diseno\/","title":{"rendered":"Geometr\u00eda y dise\u00f1o"},"content":{"rendered":"\n<p><strong>Los objetos cotidianos adoptan infinidad de formas que el gran divulgador Claudi Alsina nos descubre en esta amena e instructiva exploraci\u00f3n de la geometr\u00eda y el dise\u00f1o.<\/strong><\/p>\n\n\n\n<p>Nuestro mundo es un mundo dise\u00f1ado. Presente a lo largo de la historia como una constante antropol\u00f3gica, es a trav\u00e9s del dise\u00f1o, ya sea artesanal o industrial, que los humanos han ideado artilugios y transformado espacios, buscando dar respuesta a diversos problemas y necesidades, contribuyendo al progreso material de la humanidad. El dise\u00f1o es as\u00ed una actividad muy matem\u00e1tica: no solo porque se orienta a la resoluci\u00f3n de problemas, sino porque el enorme repertorio que constituyen las \u201cformas de lo \u00fatil\u201d responde a patrones geom\u00e9tricos. La geometr\u00eda resulta clave en la optimizaci\u00f3n, eficiencia y apariencia est\u00e9tica de los objetos que nos rodean. Este libro propone una aproximaci\u00f3n al dise\u00f1o de una variedad de distintos objetos, muchos de ellos cotidianos, a partir del estudio de sus formas geom\u00e9tricas, centrando su atenci\u00f3n en los cuerpos redondos (tales como esferas, conos y cilindros) y poli\u00e9dricos, as\u00ed como en otros, como los que dan forma a tenedores o paraguas, a objetos plegables o muebles. A trav\u00e9s de numerosos ejemplos de dise\u00f1o, tan did\u00e1cticos como divertidos, nos invita a descubrir sus propiedades geom\u00e9tricas y a explorar las formas y funciones del dise\u00f1o, que inciden en su apariencia, eficiencia y calidad.<\/p>\n\n\n\n<figure class=\"wp-block-image size-full is-resized\"><img loading=\"lazy\" decoding=\"async\" src=\"https:\/\/fespm.es\/wp-content\/uploads\/2022\/10\/Carme_Claudi_GSV.jpg\" alt=\"\" class=\"wp-image-2406\" width=\"323\" height=\"203\" srcset=\"https:\/\/fespm.es\/wp-content\/uploads\/2022\/10\/Carme_Claudi_GSV.jpg 596w, https:\/\/fespm.es\/wp-content\/uploads\/2022\/10\/Carme_Claudi_GSV-300x189.jpg 300w\" sizes=\"auto, (max-width: 323px) 100vw, 323px\" \/><figcaption>Claudi Alsina y Carme Burgu\u00e9s<\/figcaption><\/figure>\n\n\n\n<p>(Barcelona, 1952) es matem\u00e1tico, catedr\u00e1tico jubilado de la Universidad Polit\u00e9cnica de Catalunya, con una larga trayectoria, nacional e internacional, en investigaci\u00f3n, educaci\u00f3n matem\u00e1tica y divulgaci\u00f3n, campo en el cual ha destacado por su amenidad y aproximaci\u00f3n a temas matem\u00e1ticos de la vida cotidiana. Posee la Distinci\u00f3n Vicens Vives a la Calidad Docente Universitaria (Generalitat de Catalunya, 1999) y el Premio Gonzalo S\u00e1nchez V\u00e1zquez (Federaci\u00f3n Espa\u00f1ola de Sociedades de Profesores de Matem\u00e1ticas, 2019) a la labor docente y valores humanos. Su \u00faltima publicaci\u00f3n en la colecci\u00f3n Miradas Matem\u00e1ticas ha sido Geometr\u00eda y moda. Secretos matem\u00e1ticos del vestir(2019).<\/p>\n\n\n\n<p class=\"has-medium-font-size\"><strong><a href=\"https:\/\/fespm.es\/index.php\/2013\/03\/20\/formulario-de-pedido-al-servicio-de-publicaciones\/\">Pedidos<\/a><\/strong><\/p>\n","protected":false},"excerpt":{"rendered":"<p>Los objetos cotidianos adoptan infinidad de formas que el gran divulgador Claudi Alsina nos descubre en esta amena e instructiva exploraci\u00f3n de la geometr\u00eda y el dise\u00f1o. Nuestro mundo es un mundo dise\u00f1ado. Presente a lo largo de la historia como una constante antropol\u00f3gica, es a trav\u00e9s del dise\u00f1o, ya sea artesanal o industrial, que [&hellip;]<\/p>\n","protected":false},"author":4,"featured_media":2407,"comment_status":"closed","ping_status":"closed","sticky":false,"template":"","format":"standard","meta":{"footnotes":""},"categories":[52,16],"tags":[],"class_list":["post-2405","post","type-post","status-publish","format-standard","has-post-thumbnail","hentry","category-destacados","category-servicio-de-publicaciones"],"_links":{"self":[{"href":"https:\/\/fespm.es\/index.php\/wp-json\/wp\/v2\/posts\/2405","targetHints":{"allow":["GET"]}}],"collection":[{"href":"https:\/\/fespm.es\/index.php\/wp-json\/wp\/v2\/posts"}],"about":[{"href":"https:\/\/fespm.es\/index.php\/wp-json\/wp\/v2\/types\/post"}],"author":[{"embeddable":true,"href":"https:\/\/fespm.es\/index.php\/wp-json\/wp\/v2\/users\/4"}],"replies":[{"embeddable":true,"href":"https:\/\/fespm.es\/index.php\/wp-json\/wp\/v2\/comments?post=2405"}],"version-history":[{"count":1,"href":"https:\/\/fespm.es\/index.php\/wp-json\/wp\/v2\/posts\/2405\/revisions"}],"predecessor-version":[{"id":2408,"href":"https:\/\/fespm.es\/index.php\/wp-json\/wp\/v2\/posts\/2405\/revisions\/2408"}],"wp:featuredmedia":[{"embeddable":true,"href":"https:\/\/fespm.es\/index.php\/wp-json\/wp\/v2\/media\/2407"}],"wp:attachment":[{"href":"https:\/\/fespm.es\/index.php\/wp-json\/wp\/v2\/media?parent=2405"}],"wp:term":[{"taxonomy":"category","embeddable":true,"href":"https:\/\/fespm.es\/index.php\/wp-json\/wp\/v2\/categories?post=2405"},{"taxonomy":"post_tag","embeddable":true,"href":"https:\/\/fespm.es\/index.php\/wp-json\/wp\/v2\/tags?post=2405"}],"curies":[{"name":"wp","href":"https:\/\/api.w.org\/{rel}","templated":true}]}}