{"id":2390,"date":"2023-05-18T11:16:00","date_gmt":"2023-05-18T09:16:00","guid":{"rendered":"https:\/\/fespm.es\/?p=2390"},"modified":"2023-09-18T17:18:44","modified_gmt":"2023-09-18T15:18:44","slug":"las-matematicas-de-los-volcanes","status":"publish","type":"post","link":"https:\/\/fespm.es\/index.php\/2023\/05\/18\/las-matematicas-de-los-volcanes\/","title":{"rendered":"DEM 2023 Las matem\u00e1ticas de los volcanes"},"content":{"rendered":"<div class=\"wp-block-image\">\n<figure class=\"aligncenter size-full is-resized\"><img loading=\"lazy\" decoding=\"async\" src=\"https:\/\/fespm.es\/wp-content\/uploads\/2023\/05\/imagen-1.png\" alt=\"\" class=\"wp-image-2559\" width=\"465\" height=\"332\" srcset=\"https:\/\/fespm.es\/wp-content\/uploads\/2023\/05\/imagen-1.png 708w, https:\/\/fespm.es\/wp-content\/uploads\/2023\/05\/imagen-1-300x214.png 300w, https:\/\/fespm.es\/wp-content\/uploads\/2023\/05\/imagen-1-600x428.png 600w\" sizes=\"auto, (max-width: 465px) 100vw, 465px\" \/><\/figure><\/div>\n\n<div class=\"wp-block-image\">\n<figure class=\"aligncenter size-large is-resized\"><img loading=\"lazy\" decoding=\"async\" src=\"https:\/\/fespm.es\/wp-content\/uploads\/2023\/04\/imagen-2-1024x375.png\" alt=\"\" class=\"wp-image-2543\" width=\"867\" height=\"317\" srcset=\"https:\/\/fespm.es\/wp-content\/uploads\/2023\/04\/imagen-2-1024x375.png 1024w, https:\/\/fespm.es\/wp-content\/uploads\/2023\/04\/imagen-2-300x110.png 300w, https:\/\/fespm.es\/wp-content\/uploads\/2023\/04\/imagen-2-768x281.png 768w, https:\/\/fespm.es\/wp-content\/uploads\/2023\/04\/imagen-2-600x220.png 600w, https:\/\/fespm.es\/wp-content\/uploads\/2023\/04\/imagen-2.png 1282w\" sizes=\"auto, (max-width: 867px) 100vw, 867px\" \/><figcaption>Im\u00e1genes del volc\u00e1n de Cumbre Vieja en la isla de La Palma<\/figcaption><\/figure><\/div>\n\n\n<p>Este a\u00f1o, el D\u00eda Escolar de las Matem\u00e1ticas va a estar dedicado a los volcanes. Para ello, Mar\u00eda Charco Romero, investigadora del CSIC en el Instituto de Geociencias (IGEO), nos ha preparado este material, que ha salido publicado en la revista SUMA 101. Puedes descargar este material en el siguiente <a rel=\"noreferrer noopener\" href=\"https:\/\/revistasuma.es\/wp-content\/uploads\/suma\/Suma101\/DEM-2023.pdf\" target=\"_blank\">enlace<\/a>.<\/p>\n\n\n\n<p>Hacer un trabajo sobre volcanes, aunque parezca increible, se pens\u00f3 y se dise\u00f1\u00f3 antes de la erupci\u00f3n del volc\u00e1n situado en el parque natural de Cumbre Vieja, en la isla de La Palma. El trabajo se realiz\u00f3, en parte, durante esos 85 d\u00edas de actividad volc\u00e1nica.<\/p>\n\n\n\n<p>El pasado 12 de mayo se celebr\u00f3 la conferencia correspondiente a este D\u00eda Escolar a cargo de Mar\u00eda Charco Romero. Esta conferencia no se pudo grabar en directo por m\u00faltiples problemas inform\u00e1ticos, pero se ha vuelto a grabar y la pueden visualizar en el siguiente enlace <a rel=\"noreferrer noopener\" href=\"https:\/\/youtu.be\/Akbrm24RMcI\" target=\"_blank\">CONFERENCIA<\/a>.<\/p>\n\n\n\n<p>Gracias al \u00abIES Las Bre\u00f1as\u00bb que tan amablemente nos acogi\u00f3, a la Sociedad Canaria \u00abLu\u00eds Balbuena Castellano\u00bb, y en especial a Felipe D\u00edaz.<\/p>\n\n\n\n<p>Gracias Mar\u00eda por tu trabajo.<\/p>\n","protected":false},"excerpt":{"rendered":"<p>Este a\u00f1o, el D\u00eda Escolar de las Matem\u00e1ticas va a estar dedicado a los volcanes. Para ello, Mar\u00eda Charco Romero, investigadora del CSIC en el Instituto de Geociencias (IGEO), nos ha preparado este material, que ha salido publicado en la revista SUMA 101. Puedes descargar este material en el siguiente enlace. Hacer un trabajo sobre [&hellip;]<\/p>\n","protected":false},"author":3,"featured_media":0,"comment_status":"closed","ping_status":"closed","sticky":false,"template":"","format":"standard","meta":{"footnotes":""},"categories":[90],"tags":[],"class_list":["post-2390","post","type-post","status-publish","format-standard","hentry","category-dem-2023"],"_links":{"self":[{"href":"https:\/\/fespm.es\/index.php\/wp-json\/wp\/v2\/posts\/2390","targetHints":{"allow":["GET"]}}],"collection":[{"href":"https:\/\/fespm.es\/index.php\/wp-json\/wp\/v2\/posts"}],"about":[{"href":"https:\/\/fespm.es\/index.php\/wp-json\/wp\/v2\/types\/post"}],"author":[{"embeddable":true,"href":"https:\/\/fespm.es\/index.php\/wp-json\/wp\/v2\/users\/3"}],"replies":[{"embeddable":true,"href":"https:\/\/fespm.es\/index.php\/wp-json\/wp\/v2\/comments?post=2390"}],"version-history":[{"count":17,"href":"https:\/\/fespm.es\/index.php\/wp-json\/wp\/v2\/posts\/2390\/revisions"}],"predecessor-version":[{"id":2645,"href":"https:\/\/fespm.es\/index.php\/wp-json\/wp\/v2\/posts\/2390\/revisions\/2645"}],"wp:attachment":[{"href":"https:\/\/fespm.es\/index.php\/wp-json\/wp\/v2\/media?parent=2390"}],"wp:term":[{"taxonomy":"category","embeddable":true,"href":"https:\/\/fespm.es\/index.php\/wp-json\/wp\/v2\/categories?post=2390"},{"taxonomy":"post_tag","embeddable":true,"href":"https:\/\/fespm.es\/index.php\/wp-json\/wp\/v2\/tags?post=2390"}],"curies":[{"name":"wp","href":"https:\/\/api.w.org\/{rel}","templated":true}]}}