{"id":2327,"date":"2022-09-02T23:28:34","date_gmt":"2022-09-02T21:28:34","guid":{"rendered":"https:\/\/fespm.es\/?p=2327"},"modified":"2022-09-02T23:28:36","modified_gmt":"2022-09-02T21:28:36","slug":"jornadas-sobre-el-perfil-profesional-del-docente-de-matematicas","status":"publish","type":"post","link":"https:\/\/fespm.es\/index.php\/2022\/09\/02\/jornadas-sobre-el-perfil-profesional-del-docente-de-matematicas\/","title":{"rendered":"JORNADAS SOBRE EL PERFIL PROFESIONAL DEL DOCENTE DE MATEM\u00c1TICAS"},"content":{"rendered":"\n<p>Las jornadas cuentan con el apoyo del Centro Internacional de Encuentros Matem\u00e1ticos, del Comit\u00e9 Espa\u00f1ol de Matem\u00e1ticas y de las Sociedades e instituciones que componen el Comit\u00e9 Espa\u00f1ol de Matem\u00e1ticas.<\/p>\n\n\n\n<p><a href=\"http:\/\/fespm.es\/wp-content\/uploads\/2022\/09\/Programa-Jornadas-Perfil-profesional.pdf\"><strong>Descarga aqu\u00ed el programa<\/strong><\/a><\/p>\n","protected":false},"excerpt":{"rendered":"<p>Las jornadas cuentan con el apoyo del Centro Internacional de Encuentros Matem\u00e1ticos, del Comit\u00e9 Espa\u00f1ol de Matem\u00e1ticas y de las Sociedades e instituciones que componen el Comit\u00e9 Espa\u00f1ol de Matem\u00e1ticas. Descarga aqu\u00ed el programa<\/p>\n","protected":false},"author":1,"featured_media":1126,"comment_status":"closed","ping_status":"closed","sticky":false,"template":"","format":"standard","meta":{"footnotes":""},"categories":[5,8,52],"tags":[],"class_list":["post-2327","post","type-post","status-publish","format-standard","has-post-thumbnail","hentry","category-actividades","category-cursos","category-destacados"],"_links":{"self":[{"href":"https:\/\/fespm.es\/index.php\/wp-json\/wp\/v2\/posts\/2327","targetHints":{"allow":["GET"]}}],"collection":[{"href":"https:\/\/fespm.es\/index.php\/wp-json\/wp\/v2\/posts"}],"about":[{"href":"https:\/\/fespm.es\/index.php\/wp-json\/wp\/v2\/types\/post"}],"author":[{"embeddable":true,"href":"https:\/\/fespm.es\/index.php\/wp-json\/wp\/v2\/users\/1"}],"replies":[{"embeddable":true,"href":"https:\/\/fespm.es\/index.php\/wp-json\/wp\/v2\/comments?post=2327"}],"version-history":[{"count":1,"href":"https:\/\/fespm.es\/index.php\/wp-json\/wp\/v2\/posts\/2327\/revisions"}],"predecessor-version":[{"id":2329,"href":"https:\/\/fespm.es\/index.php\/wp-json\/wp\/v2\/posts\/2327\/revisions\/2329"}],"wp:featuredmedia":[{"embeddable":true,"href":"https:\/\/fespm.es\/index.php\/wp-json\/wp\/v2\/media\/1126"}],"wp:attachment":[{"href":"https:\/\/fespm.es\/index.php\/wp-json\/wp\/v2\/media?parent=2327"}],"wp:term":[{"taxonomy":"category","embeddable":true,"href":"https:\/\/fespm.es\/index.php\/wp-json\/wp\/v2\/categories?post=2327"},{"taxonomy":"post_tag","embeddable":true,"href":"https:\/\/fespm.es\/index.php\/wp-json\/wp\/v2\/tags?post=2327"}],"curies":[{"name":"wp","href":"https:\/\/api.w.org\/{rel}","templated":true}]}}