{"id":220,"date":"2011-04-01T18:23:43","date_gmt":"2011-04-01T18:23:43","guid":{"rendered":"http:\/\/fespm.semrm.com\/index.php\/2011\/04\/01\/actividades-para-el-dem-2011\/"},"modified":"2019-03-31T18:31:53","modified_gmt":"2019-03-31T18:31:53","slug":"actividades-para-el-dem-2011","status":"publish","type":"post","link":"https:\/\/fespm.es\/index.php\/2011\/04\/01\/actividades-para-el-dem-2011\/","title":{"rendered":"Actividades para el DEM 2011"},"content":{"rendered":"<p>Como complemento al cuadernillo del XII D\u00eda escolar de las matem\u00e1ticas, el autor <em>\u00c1ngel Requena Fraile<\/em> ha elaborado una colecci\u00f3n de <strong>Actividades<\/strong> que pod\u00e9is usar en clase.  Todas las actividades estan pensadas para que pod\u00e1is fotocopiarlas y usarlas directamente en clase.<\/p>\n<p>Todas estas actividades est\u00e1n pensadas para los cursos de <strong>secundaria<\/strong>.  Pod\u00e9is consultar las actividades dirigidas al alumnado de <strong>primaria<\/strong> <a href=\"http:\/\/fespm.es\/index.php\/2011\/04\/05\/actividades-para-el-dem-2011-primaria\/\">en este otro enlace<\/a>.<\/p>\n<p>&#8211; <a href=\"http:\/\/fespm.es\/wp-content\/uploads\/2011\/04\/proust.pdf\">El crucial experimento de Proust en Sevilla<\/a><br \/>\n&#8211; <a href=\"http:\/\/fespm.es\/wp-content\/uploads\/2011\/04\/c14.pdf\">La dataci\u00f3n por carbono 14<\/a><br \/>\n&#8211; <a href=\"http:\/\/fespm.es\/wp-content\/uploads\/2011\/04\/cristal.pdf\">Cristalograf\u00eda s\u00f3lida<\/a><br \/>\n&#8211; <a href=\"http:\/\/fespm.es\/wp-content\/uploads\/2011\/04\/fractal.pdf\">Crecimiento fractal en el c\u00e1todo<\/a><br \/>\n&#8211; <a href=\"http:\/\/fespm.es\/wp-content\/uploads\/2011\/04\/frutas.pdf\">De frutas, poliedros y cristales<\/a><br \/>\n&#8211; <a href=\"http:\/\/fespm.es\/wp-content\/uploads\/2011\/04\/vida.pdf\">Base4: la base de la vida<\/a>.  Hay una gu\u00eda para el profesor en <a href=\"http:\/\/fespm.es\/index.php\/2011\/04\/01\/guias-para-el-profesor-dem-2011\/\">la secci\u00f3n correspondiente<\/a>.<\/p>\n<p>Tambi\u00e9n pod\u00e9is encontrar m\u00e1s ideas y actividades en la sesi\u00f3n de qu\u00edmica del programa <a href=\"http:\/\/venxmas.fespm.es\">Venx+Matem\u00e1ticas<\/a>.<\/p>\n","protected":false},"excerpt":{"rendered":"<p>Como complemento al cuadernillo del XII D\u00eda escolar de las matem\u00e1ticas, el autor \u00c1ngel Requena Fraile ha elaborado una colecci\u00f3n de Actividades que pod\u00e9is usar en clase. Todas las actividades estan pensadas para que pod\u00e1is fotocopiarlas y usarlas directamente en clase. Todas estas actividades est\u00e1n pensadas para los cursos de secundaria. Pod\u00e9is consultar las actividades [&hellip;]<\/p>\n","protected":false},"author":1,"featured_media":0,"comment_status":"closed","ping_status":"open","sticky":false,"template":"","format":"standard","meta":{"footnotes":""},"categories":[22],"tags":[],"class_list":["post-220","post","type-post","status-publish","format-standard","hentry","category-dem-2011"],"_links":{"self":[{"href":"https:\/\/fespm.es\/index.php\/wp-json\/wp\/v2\/posts\/220","targetHints":{"allow":["GET"]}}],"collection":[{"href":"https:\/\/fespm.es\/index.php\/wp-json\/wp\/v2\/posts"}],"about":[{"href":"https:\/\/fespm.es\/index.php\/wp-json\/wp\/v2\/types\/post"}],"author":[{"embeddable":true,"href":"https:\/\/fespm.es\/index.php\/wp-json\/wp\/v2\/users\/1"}],"replies":[{"embeddable":true,"href":"https:\/\/fespm.es\/index.php\/wp-json\/wp\/v2\/comments?post=220"}],"version-history":[{"count":2,"href":"https:\/\/fespm.es\/index.php\/wp-json\/wp\/v2\/posts\/220\/revisions"}],"predecessor-version":[{"id":898,"href":"https:\/\/fespm.es\/index.php\/wp-json\/wp\/v2\/posts\/220\/revisions\/898"}],"wp:attachment":[{"href":"https:\/\/fespm.es\/index.php\/wp-json\/wp\/v2\/media?parent=220"}],"wp:term":[{"taxonomy":"category","embeddable":true,"href":"https:\/\/fespm.es\/index.php\/wp-json\/wp\/v2\/categories?post=220"},{"taxonomy":"post_tag","embeddable":true,"href":"https:\/\/fespm.es\/index.php\/wp-json\/wp\/v2\/tags?post=220"}],"curies":[{"name":"wp","href":"https:\/\/api.w.org\/{rel}","templated":true}]}}