{"id":2106,"date":"2022-02-17T21:21:30","date_gmt":"2022-02-17T19:21:30","guid":{"rendered":"https:\/\/fespm.es\/?p=2106"},"modified":"2022-02-17T21:21:32","modified_gmt":"2022-02-17T19:21:32","slug":"matematicas-competentes-teresa-valdecantos-dema","status":"publish","type":"post","link":"https:\/\/fespm.es\/index.php\/2022\/02\/17\/matematicas-competentes-teresa-valdecantos-dema\/","title":{"rendered":"Matem\u00e1ticas competentes Teresa Valdecantos Dema"},"content":{"rendered":"\n<p>Una excelente selecci\u00f3n de mujeres matem\u00e1ticas que nos plantea un recorrido hist\u00f3rico, desde la antig\u00fcedad, hasta el siglo XX y XXI.<\/p>\n\n\n\n<p>Hasta no hace mucho tiempo, cuando se hablaba de mujeres matem\u00e1ticas, se hac\u00eda de manera anecd\u00f3tica, no como piezas fundamentales en el desarrollo de la ciencia. Este libro no se centra exclusivamente en sus biograf\u00edas, sino en la forma de integrar las aportaciones de estas cient\u00edficas en el curr\u00edculo escolar para que su conocimiento deje de ser algo epis\u00f3dico, mostrando c\u00f3mo sus trayectorias y contribuciones se relacionan con competencias clave de la ense\u00f1anza y el aprendizaje. A partir de una excelente selecci\u00f3n de mujeres matem\u00e1ticas, Teresa Valdecantos nos plantea un recorrido hist\u00f3rico, desde la antig\u00fcedad, de la mano de maestras como la sacerdotisa Enheduanna, las pitag\u00f3ricas o Hipatia, pasando por Sophie Germain, Mary Everest, Ada Byron o Florence Nightingale, hasta el siglo XX y XXI, con las \u201ccalculistas\u201d de la NACA, las matem\u00e1ticas de Bletchley Park, las hermanas Joan y Ruth Lyttle o las espa\u00f1olas Clara Grim\u00e1, Marta Casanellas y Marta Macho Stadler. Al estudio de las competencias matem\u00e1ticas y cient\u00edficas, se une el de las digitales, sociales, c\u00edvicas, de comunicaci\u00f3n ling\u00fc\u00edstica y, c\u00f3mo no, autodidactas, pues no debemos olvidar que muchas mujeres tuvieron que aprender por su cuenta, superando escollos e imposiciones sociales. Todo ello se acompa\u00f1a de una serie de actividades dirigidas a estudiantes de niveles preuniversitarios.<\/p>\n\n\n\n<p class=\"has-text-align-left\">Teresa Valdecantos Dema:                                                                    <img loading=\"lazy\" decoding=\"async\" width=\"150\" height=\"150\" class=\"wp-image-2108\" style=\"width: 150px;\" src=\"http:\/\/fespm.es\/wp-content\/uploads\/2022\/02\/7d2347351cbed36c07897640d27429c6.jpg\" alt=\"\" srcset=\"https:\/\/fespm.es\/wp-content\/uploads\/2022\/02\/7d2347351cbed36c07897640d27429c6.jpg 480w, https:\/\/fespm.es\/wp-content\/uploads\/2022\/02\/7d2347351cbed36c07897640d27429c6-300x300.jpg 300w, https:\/\/fespm.es\/wp-content\/uploads\/2022\/02\/7d2347351cbed36c07897640d27429c6-100x100.jpg 100w, https:\/\/fespm.es\/wp-content\/uploads\/2022\/02\/7d2347351cbed36c07897640d27429c6-150x150.jpg 150w\" sizes=\"auto, (max-width: 150px) 100vw, 150px\" \/> <\/p>\n\n\n\n<p>Licenciada en Matem\u00e1ticas por la Universidad de Sevilla y m\u00e1ster en Fundamentos de las Matem\u00e1ticas por la Universidad de C\u00e1diz, es profesora de secundaria en el S.I.P.E.P. Entre dos aguas de Algeciras (C\u00e1diz). Adem\u00e1s, es miembro de la Sociedad Andaluza de Educaci\u00f3n Matem\u00e1tica Thales y tambi\u00e9n ha formado parte de la Comisi\u00f3n de Mujeres Matem\u00e1ticas de la Real Sociedad Matem\u00e1tica Espa\u00f1ola (2006-2008). Ha sido finalista de varios premios nacionales e internacionales como los de Ciencia en Acci\u00f3n y los de Renovaci\u00f3n e Investigaci\u00f3n en Educaci\u00f3n Matem\u00e1tica en lengua espa\u00f1ola. Ha impartido cursos sobre ense\u00f1anza\u00a0<em>online<\/em>, divulgaci\u00f3n de las matem\u00e1ticas, coeducaci\u00f3n, uso de calculadora y Geogebra, y tambi\u00e9n ha sido ponente en diversos congresos.<\/p>\n\n\n\n<p><strong><a href=\"https:\/\/fespm.es\/index.php\/2013\/03\/20\/formulario-de-pedido-al-servicio-de-publicaciones\/\">Pedidos<\/a><\/strong><\/p>\n","protected":false},"excerpt":{"rendered":"<p>Una excelente selecci\u00f3n de mujeres matem\u00e1ticas que nos plantea un recorrido hist\u00f3rico, desde la antig\u00fcedad, hasta el siglo XX y XXI. Hasta no hace mucho tiempo, cuando se hablaba de mujeres matem\u00e1ticas, se hac\u00eda de manera anecd\u00f3tica, no como piezas fundamentales en el desarrollo de la ciencia. Este libro no se centra exclusivamente en sus [&hellip;]<\/p>\n","protected":false},"author":4,"featured_media":2107,"comment_status":"closed","ping_status":"closed","sticky":false,"template":"","format":"standard","meta":{"footnotes":""},"categories":[52,16],"tags":[],"class_list":["post-2106","post","type-post","status-publish","format-standard","has-post-thumbnail","hentry","category-destacados","category-servicio-de-publicaciones"],"_links":{"self":[{"href":"https:\/\/fespm.es\/index.php\/wp-json\/wp\/v2\/posts\/2106","targetHints":{"allow":["GET"]}}],"collection":[{"href":"https:\/\/fespm.es\/index.php\/wp-json\/wp\/v2\/posts"}],"about":[{"href":"https:\/\/fespm.es\/index.php\/wp-json\/wp\/v2\/types\/post"}],"author":[{"embeddable":true,"href":"https:\/\/fespm.es\/index.php\/wp-json\/wp\/v2\/users\/4"}],"replies":[{"embeddable":true,"href":"https:\/\/fespm.es\/index.php\/wp-json\/wp\/v2\/comments?post=2106"}],"version-history":[{"count":1,"href":"https:\/\/fespm.es\/index.php\/wp-json\/wp\/v2\/posts\/2106\/revisions"}],"predecessor-version":[{"id":2109,"href":"https:\/\/fespm.es\/index.php\/wp-json\/wp\/v2\/posts\/2106\/revisions\/2109"}],"wp:featuredmedia":[{"embeddable":true,"href":"https:\/\/fespm.es\/index.php\/wp-json\/wp\/v2\/media\/2107"}],"wp:attachment":[{"href":"https:\/\/fespm.es\/index.php\/wp-json\/wp\/v2\/media?parent=2106"}],"wp:term":[{"taxonomy":"category","embeddable":true,"href":"https:\/\/fespm.es\/index.php\/wp-json\/wp\/v2\/categories?post=2106"},{"taxonomy":"post_tag","embeddable":true,"href":"https:\/\/fespm.es\/index.php\/wp-json\/wp\/v2\/tags?post=2106"}],"curies":[{"name":"wp","href":"https:\/\/api.w.org\/{rel}","templated":true}]}}