{"id":2100,"date":"2022-02-16T21:36:17","date_gmt":"2022-02-16T19:36:17","guid":{"rendered":"https:\/\/fespm.es\/?p=2100"},"modified":"2022-02-16T21:36:58","modified_gmt":"2022-02-16T19:36:58","slug":"ciclo-conferencias-coleccion-miradas-matematicas-marzo-2022","status":"publish","type":"post","link":"https:\/\/fespm.es\/index.php\/2022\/02\/16\/ciclo-conferencias-coleccion-miradas-matematicas-marzo-2022\/","title":{"rendered":"CICLO CONFERENCIAS COLECCI\u00d3N MIRADAS MATEM\u00c1TICAS &#8211; MARZO 2022"},"content":{"rendered":"\n<p>Para difundir los distintos t\u00edtulos de la colecci\u00f3n \u201cMiradas matem\u00e1ticas\u201d publicada por el ICMAT, la Editorial Catarata y la FESPM, continuamos con una nueva conferencia relativa a otro de los t\u00edtulos de la colecci\u00f3n.<\/p>\n\n\n\n<p>Tere Valdecantos impartir\u00e1 la conferencia &nbsp;\u201c<strong>Matem\u00e1ticas competentes: porque yo lo valgo<\/strong>\u201d que tendr\u00e1 lugar el <strong>7 de marzo a las 19,00 horas<\/strong>, a trav\u00e9s de la plataforma Zoom de la FESPM.<\/p>\n\n\n\n<p><em>Teresa Valdecantos Dema es Licenciada en Matem\u00e1ticas por la universidad de Sevilla y Master en Fundamentos de la Matem\u00e1ticas por la Universidad de C\u00e1diz. Es profesora de Matem\u00e1ticas en la Secci\u00f3n del Instituto de Educaci\u00f3n Permanente Entre dos aguas. Es miembro de la SAEM Thales donde ha desempe\u00f1ado diversos cargos: vocal de olimpiadas de Secundaria, delegada de la provincia de C\u00e1diz, vocal del Campo de Gibraltar\u2026 Actualmente pertenece al Comit\u00e9 editorial de la revista SUMA de la FESPM. Desde 1 999 se ha preocupado por divulgar el trabajo de las mujeres matem\u00e1ticas a lo largo de la historia, siendo autora de la exposici\u00f3n Carnaval de Cient\u00edficas. En 2007, a\u00f1o internacional de la Ciencia, particip\u00f3 en el proyecto La mujer innovadora en la Ciencia de la Comisi\u00f3n de Mujeres Matem\u00e1ticas de la RSME que obtuvo el primer premio de Ciencia en Acci\u00f3n.<\/em><\/p>\n\n\n\n<p><a href=\"https:\/\/us06web.zoom.us\/webinar\/register\/WN_m1NUtPTbQr6-ABUrgXwXFA\"><strong>Inscripci\u00f3n<\/strong><\/a><\/p>\n\n\n\n<p>Para los participantes en esta conferencia, la FESPM har\u00e1 un descuento en la compra de este t\u00edtulo que se podr\u00e1 adquirir al precio de 8 \u20ac para los no&nbsp; asociados y 6 \u20ac para los socios, no incluyendo los gastos de env\u00edo. Los pedidos se realizar\u00e1n a trav\u00e9s del Servicio de publicaciones de la FESPM <a href=\"mailto:publicaciones@fespm.es\">publicaciones@fespm.es<\/a><\/p>\n\n\n\n<p>Los pedidos se podr\u00e1n realizar durante el mes de marzo de 2022.<\/p>\n\n\n\n<div class=\"wp-block-image\"><figure class=\"aligncenter size-large\"><img loading=\"lazy\" decoding=\"async\" width=\"730\" height=\"546\" src=\"http:\/\/fespm.es\/wp-content\/uploads\/2022\/02\/miradas_7.jpg\" alt=\"\" class=\"wp-image-2101\" srcset=\"https:\/\/fespm.es\/wp-content\/uploads\/2022\/02\/miradas_7.jpg 730w, https:\/\/fespm.es\/wp-content\/uploads\/2022\/02\/miradas_7-600x449.jpg 600w, https:\/\/fespm.es\/wp-content\/uploads\/2022\/02\/miradas_7-300x224.jpg 300w\" sizes=\"auto, (max-width: 730px) 100vw, 730px\" \/><\/figure><\/div>\n","protected":false},"excerpt":{"rendered":"<p>Para difundir los distintos t\u00edtulos de la colecci\u00f3n \u201cMiradas matem\u00e1ticas\u201d publicada por el ICMAT, la Editorial Catarata y la FESPM, continuamos con una nueva conferencia relativa a otro de los t\u00edtulos de la colecci\u00f3n. Tere Valdecantos impartir\u00e1 la conferencia &nbsp;\u201cMatem\u00e1ticas competentes: porque yo lo valgo\u201d que tendr\u00e1 lugar el 7 de marzo a las 19,00 [&hellip;]<\/p>\n","protected":false},"author":1,"featured_media":1751,"comment_status":"closed","ping_status":"closed","sticky":false,"template":"","format":"standard","meta":{"footnotes":""},"categories":[7,41,52],"tags":[],"class_list":["post-2100","post","type-post","status-publish","format-standard","has-post-thumbnail","hentry","category-actualidad","category-comunicacion","category-destacados"],"_links":{"self":[{"href":"https:\/\/fespm.es\/index.php\/wp-json\/wp\/v2\/posts\/2100","targetHints":{"allow":["GET"]}}],"collection":[{"href":"https:\/\/fespm.es\/index.php\/wp-json\/wp\/v2\/posts"}],"about":[{"href":"https:\/\/fespm.es\/index.php\/wp-json\/wp\/v2\/types\/post"}],"author":[{"embeddable":true,"href":"https:\/\/fespm.es\/index.php\/wp-json\/wp\/v2\/users\/1"}],"replies":[{"embeddable":true,"href":"https:\/\/fespm.es\/index.php\/wp-json\/wp\/v2\/comments?post=2100"}],"version-history":[{"count":2,"href":"https:\/\/fespm.es\/index.php\/wp-json\/wp\/v2\/posts\/2100\/revisions"}],"predecessor-version":[{"id":2104,"href":"https:\/\/fespm.es\/index.php\/wp-json\/wp\/v2\/posts\/2100\/revisions\/2104"}],"wp:featuredmedia":[{"embeddable":true,"href":"https:\/\/fespm.es\/index.php\/wp-json\/wp\/v2\/media\/1751"}],"wp:attachment":[{"href":"https:\/\/fespm.es\/index.php\/wp-json\/wp\/v2\/media?parent=2100"}],"wp:term":[{"taxonomy":"category","embeddable":true,"href":"https:\/\/fespm.es\/index.php\/wp-json\/wp\/v2\/categories?post=2100"},{"taxonomy":"post_tag","embeddable":true,"href":"https:\/\/fespm.es\/index.php\/wp-json\/wp\/v2\/tags?post=2100"}],"curies":[{"name":"wp","href":"https:\/\/api.w.org\/{rel}","templated":true}]}}