{"id":1956,"date":"2021-09-19T12:10:31","date_gmt":"2021-09-19T10:10:31","guid":{"rendered":"https:\/\/fespm.es\/?p=1956"},"modified":"2021-09-19T12:10:33","modified_gmt":"2021-09-19T10:10:33","slug":"matematicas-y-literatura-marta-macho-stadler","status":"publish","type":"post","link":"https:\/\/fespm.es\/index.php\/2021\/09\/19\/matematicas-y-literatura-marta-macho-stadler\/","title":{"rendered":"MATEM\u00c1TICAS Y LITERATURA Marta Macho Stadler"},"content":{"rendered":"\n<h4 class=\"wp-block-heading\">Las matem\u00e1ticas aparecen en textos literarios de cualquier g\u00e9nero, sea novela, relato, poes\u00eda o c\u00f3mic. Se puede disfrutar y aprender al unir matem\u00e1ticas y literatura.<\/h4>\n\n\n\n<p>Cuando se habla de matem\u00e1ticas y literatura, la primera reacci\u00f3n puede ser de sorpresa o incredulidad. \u00bfC\u00f3mo puede haber relaci\u00f3n entre dos disciplinas tan alejadas? La percepci\u00f3n mayoritaria es que las matem\u00e1ticas son fr\u00edas, se deducen a partir de reglas establecidas y dejan poco espacio para la imaginaci\u00f3n. Tambi\u00e9n se piensa que la literatura surge exclusivamente de la creatividad, de la inspiraci\u00f3n y de la emoci\u00f3n. Sin embargo, las matem\u00e1ticas requieren de grandes dosis de ingenio y de intuici\u00f3n. Y las obras literarias no surgen \u00fanicamente por impulsos creativos; es necesario planificar y estructurar para que una buena historia se traduzca en un buen texto.<br><br>En este libro se aportan ejemplos de c\u00f3mo las matem\u00e1ticas aparecen en textos literarios de cualquier g\u00e9nero, sea novela, relato, poes\u00eda o c\u00f3mic. Los fragmentos elegidos pueden ayudar a reconocer conceptos matem\u00e1ticos mientras leemos una novela de aventuras o un poema. Tambi\u00e9n pueden proporcionar herramientas para el aula a trav\u00e9s de una muy necesaria labor de mestizaje: uniendo matem\u00e1ticas y textos literarios se puede leer para disfrutar y aprender.<\/p>\n\n\n\n<p><strong>Autora Marta Macho Stadler <\/strong>Doctora en matem\u00e1ticas y profesora de Topolog\u00eda en la Universidad del Pa\u00eds Vasco. Es editora del blog Mujeres con ciencia de la C\u00e1tedra de Cultura Cient\u00edfica de la Universidad del Pa\u00eds Vasco. Es la responsable de las secciones de \u00abLiteratura y Matem\u00e1ticas\u00bb y de \u00abTeatro y Matem\u00e1ticas\u00bb en el portal DivulgaMAT. Ha recibido el Premio igUAldad 2015 de la Universidad de Alicante (2015), la Medalla de la Real Sociedad Matem\u00e1tica Espa\u00f1ola (2015), el Premio Emakunde (2016) y el nombramiento de Ilustre de Bilbao (2019).<\/p>\n\n\n\n<figure class=\"wp-block-gallery columns-2 is-cropped wp-block-gallery-1 is-layout-flex wp-block-gallery-is-layout-flex\"><ul class=\"blocks-gallery-grid\"><li class=\"blocks-gallery-item\"><figure><img loading=\"lazy\" decoding=\"async\" width=\"512\" height=\"512\" src=\"https:\/\/fespm.es\/wp-content\/uploads\/2021\/09\/unnamed.jpg\" alt=\"\" data-id=\"1957\" data-full-url=\"https:\/\/fespm.es\/wp-content\/uploads\/2021\/09\/unnamed.jpg\" data-link=\"https:\/\/fespm.es\/?attachment_id=1957\" class=\"wp-image-1957\" srcset=\"https:\/\/fespm.es\/wp-content\/uploads\/2021\/09\/unnamed.jpg 512w, https:\/\/fespm.es\/wp-content\/uploads\/2021\/09\/unnamed-300x300.jpg 300w, https:\/\/fespm.es\/wp-content\/uploads\/2021\/09\/unnamed-100x100.jpg 100w, https:\/\/fespm.es\/wp-content\/uploads\/2021\/09\/unnamed-150x150.jpg 150w\" sizes=\"auto, (max-width: 512px) 100vw, 512px\" \/><\/figure><\/li><li class=\"blocks-gallery-item\"><figure><img loading=\"lazy\" decoding=\"async\" width=\"236\" height=\"371\" src=\"https:\/\/fespm.es\/wp-content\/uploads\/2021\/09\/edition-122802-236x372-1.jpg\" alt=\"\" data-id=\"1958\" data-full-url=\"https:\/\/fespm.es\/wp-content\/uploads\/2021\/09\/edition-122802-236x372-1.jpg\" data-link=\"https:\/\/fespm.es\/?attachment_id=1958\" class=\"wp-image-1958\" srcset=\"https:\/\/fespm.es\/wp-content\/uploads\/2021\/09\/edition-122802-236x372-1.jpg 236w, https:\/\/fespm.es\/wp-content\/uploads\/2021\/09\/edition-122802-236x372-1-191x300.jpg 191w\" sizes=\"auto, (max-width: 236px) 100vw, 236px\" \/><\/figure><\/li><\/ul><\/figure>\n\n\n\n<p><strong><a href=\"https:\/\/fespm.es\/index.php\/2013\/03\/20\/formulario-de-pedido-al-servicio-de-publicaciones\/\">Pedidos<\/a><\/strong><\/p>\n","protected":false},"excerpt":{"rendered":"<p>Las matem\u00e1ticas aparecen en textos literarios de cualquier g\u00e9nero, sea novela, relato, poes\u00eda o c\u00f3mic. Se puede disfrutar y aprender al unir matem\u00e1ticas y literatura. Cuando se habla de matem\u00e1ticas y literatura, la primera reacci\u00f3n puede ser de sorpresa o incredulidad. \u00bfC\u00f3mo puede haber relaci\u00f3n entre dos disciplinas tan alejadas? La percepci\u00f3n mayoritaria es que [&hellip;]<\/p>\n","protected":false},"author":4,"featured_media":1958,"comment_status":"closed","ping_status":"closed","sticky":false,"template":"","format":"standard","meta":{"footnotes":""},"categories":[52,16],"tags":[],"class_list":["post-1956","post","type-post","status-publish","format-standard","has-post-thumbnail","hentry","category-destacados","category-servicio-de-publicaciones"],"_links":{"self":[{"href":"https:\/\/fespm.es\/index.php\/wp-json\/wp\/v2\/posts\/1956","targetHints":{"allow":["GET"]}}],"collection":[{"href":"https:\/\/fespm.es\/index.php\/wp-json\/wp\/v2\/posts"}],"about":[{"href":"https:\/\/fespm.es\/index.php\/wp-json\/wp\/v2\/types\/post"}],"author":[{"embeddable":true,"href":"https:\/\/fespm.es\/index.php\/wp-json\/wp\/v2\/users\/4"}],"replies":[{"embeddable":true,"href":"https:\/\/fespm.es\/index.php\/wp-json\/wp\/v2\/comments?post=1956"}],"version-history":[{"count":1,"href":"https:\/\/fespm.es\/index.php\/wp-json\/wp\/v2\/posts\/1956\/revisions"}],"predecessor-version":[{"id":1959,"href":"https:\/\/fespm.es\/index.php\/wp-json\/wp\/v2\/posts\/1956\/revisions\/1959"}],"wp:featuredmedia":[{"embeddable":true,"href":"https:\/\/fespm.es\/index.php\/wp-json\/wp\/v2\/media\/1958"}],"wp:attachment":[{"href":"https:\/\/fespm.es\/index.php\/wp-json\/wp\/v2\/media?parent=1956"}],"wp:term":[{"taxonomy":"category","embeddable":true,"href":"https:\/\/fespm.es\/index.php\/wp-json\/wp\/v2\/categories?post=1956"},{"taxonomy":"post_tag","embeddable":true,"href":"https:\/\/fespm.es\/index.php\/wp-json\/wp\/v2\/tags?post=1956"}],"curies":[{"name":"wp","href":"https:\/\/api.w.org\/{rel}","templated":true}]}}