{"id":1738,"date":"2021-02-13T10:37:23","date_gmt":"2021-02-13T08:37:23","guid":{"rendered":"http:\/\/fespm.es\/?p=1738"},"modified":"2021-02-13T10:37:26","modified_gmt":"2021-02-13T08:37:26","slug":"seminario-la-calculadora-como-recurso-didactico-en-educacion-primaria-3","status":"publish","type":"post","link":"https:\/\/fespm.es\/index.php\/2021\/02\/13\/seminario-la-calculadora-como-recurso-didactico-en-educacion-primaria-3\/","title":{"rendered":"Seminario \u201cLa calculadora como recurso did\u00e1ctico en Educaci\u00f3n Primaria\u201d"},"content":{"rendered":"\n<p>Desde hace varios cursos la FESPM constituy\u00f3 un grupo de trabajo para analizar la situaci\u00f3n del uso de la calculadora como recurso did\u00e1ctico en los distintos niveles educativos con el objetivo de fomentar su incorporaci\u00f3n en el aula, para lo que se han creado distintos materiales de apoyo al profesorado.<\/p>\n\n\n\n<p>El trabajo realizado por este grupo de trabajo ha recomendado que se hagan los esfuerzos necesarios para promover el uso de la calculadora en Educaci\u00f3n Primaria y Educaci\u00f3n Infantil, por lo que desde la FESPM con el apoyo de la Divisi\u00f3n Educativa de CASIO convocamos de nuevo el seminario con el objetivo de incorporar a los docentes de estos niveles educativos para mejorar la situaci\u00f3n actual sobre el uso de este recurso en el aula, as\u00ed como para elaborar materiales necesarios para facilitar su uso al docente que desee incorporarlas como un recurso m\u00e1s en el proceso de ense\u00f1anza y aprendizaje de las matem\u00e1ticas.<\/p>\n\n\n\n<p><strong><a href=\"http:\/\/fespm.es\/wp-content\/uploads\/2021\/02\/Convocatoria-Seminario-Calculadoras-Primaria-FESPM-2021.pdf\">Ver convocatoria pulsando aqu\u00ed<\/a><\/strong><\/p>\n","protected":false},"excerpt":{"rendered":"<p>Desde hace varios cursos la FESPM constituy\u00f3 un grupo de trabajo para analizar la situaci\u00f3n del uso de la calculadora como recurso did\u00e1ctico en los distintos niveles educativos con el objetivo de fomentar su incorporaci\u00f3n en el aula, para lo que se han creado distintos materiales de apoyo al profesorado. El trabajo realizado por este [&hellip;]<\/p>\n","protected":false},"author":1,"featured_media":1708,"comment_status":"closed","ping_status":"closed","sticky":false,"template":"","format":"standard","meta":{"footnotes":""},"categories":[52,11],"tags":[],"class_list":["post-1738","post","type-post","status-publish","format-standard","has-post-thumbnail","hentry","category-destacados","category-seminarios-actividades"],"_links":{"self":[{"href":"https:\/\/fespm.es\/index.php\/wp-json\/wp\/v2\/posts\/1738","targetHints":{"allow":["GET"]}}],"collection":[{"href":"https:\/\/fespm.es\/index.php\/wp-json\/wp\/v2\/posts"}],"about":[{"href":"https:\/\/fespm.es\/index.php\/wp-json\/wp\/v2\/types\/post"}],"author":[{"embeddable":true,"href":"https:\/\/fespm.es\/index.php\/wp-json\/wp\/v2\/users\/1"}],"replies":[{"embeddable":true,"href":"https:\/\/fespm.es\/index.php\/wp-json\/wp\/v2\/comments?post=1738"}],"version-history":[{"count":1,"href":"https:\/\/fespm.es\/index.php\/wp-json\/wp\/v2\/posts\/1738\/revisions"}],"predecessor-version":[{"id":1740,"href":"https:\/\/fespm.es\/index.php\/wp-json\/wp\/v2\/posts\/1738\/revisions\/1740"}],"wp:featuredmedia":[{"embeddable":true,"href":"https:\/\/fespm.es\/index.php\/wp-json\/wp\/v2\/media\/1708"}],"wp:attachment":[{"href":"https:\/\/fespm.es\/index.php\/wp-json\/wp\/v2\/media?parent=1738"}],"wp:term":[{"taxonomy":"category","embeddable":true,"href":"https:\/\/fespm.es\/index.php\/wp-json\/wp\/v2\/categories?post=1738"},{"taxonomy":"post_tag","embeddable":true,"href":"https:\/\/fespm.es\/index.php\/wp-json\/wp\/v2\/tags?post=1738"}],"curies":[{"name":"wp","href":"https:\/\/api.w.org\/{rel}","templated":true}]}}