{"id":1588,"date":"2020-08-30T13:18:15","date_gmt":"2020-08-30T11:18:15","guid":{"rendered":"http:\/\/fespm.es\/?p=1588"},"modified":"2020-09-20T17:30:11","modified_gmt":"2020-09-20T15:30:11","slug":"problemas-y-problemas-20-21","status":"publish","type":"post","link":"https:\/\/fespm.es\/index.php\/2020\/08\/30\/problemas-y-problemas-20-21\/","title":{"rendered":"Problemas y + problemas"},"content":{"rendered":"\n<div class=\"wp-block-image\"><figure class=\"aligncenter is-resized\"><img loading=\"lazy\" decoding=\"async\" src=\"http:\/\/fespm.es\/wp-content\/uploads\/2020\/09\/Logo-Pyp.png\" alt=\"\" class=\"wp-image-1601\" width=\"239\" height=\"211\" srcset=\"https:\/\/fespm.es\/wp-content\/uploads\/2020\/09\/Logo-Pyp.png 516w, https:\/\/fespm.es\/wp-content\/uploads\/2020\/09\/Logo-Pyp-300x265.png 300w\" sizes=\"auto, (max-width: 239px) 100vw, 239px\" \/><\/figure><\/div>\n\n\n\n<p>             En este curso 2020-21, proponemos una nueva actividad cuyo objetivo es fomentar la resoluci\u00f3n de problemas.  Para ello, proporcionaremos al profesorado una colecci\u00f3n de problemas que podr\u00edan utilizar como material complementario tanto en el aula como para trabajarlo desde casa.<\/p>\n\n\n\n<p>&nbsp;&nbsp;&nbsp;&nbsp;&nbsp;&nbsp;&nbsp;&nbsp;&nbsp;&nbsp;&nbsp; Cada bimestre, a partir del pr\u00f3ximo mes de octubre, se publicar\u00e1n ocho problemas. De ellos, dos problemas ser\u00e1n para el tercer ciclo de Educaci\u00f3n Primaria, dos para primer ciclo de la ESO, otros dos para segundo ciclo de ESO y los dos \u00faltimos destinados al alumnado de Bachillerato.<\/p>\n\n\n\n<p>\u00a0\u00a0\u00a0\u00a0\u00a0\u00a0\u00a0\u00a0\u00a0\u00a0\u00a0 El profesorado podr\u00e1 seleccionar algunas de las resoluciones que a su juicio, por cualquier motivo, merezcan ser enviadas para que puedan ser incluidas como las mejores o m\u00e1s originales soluciones a los problemas propuestos. Aunque no es obligatorio el env\u00edo de las soluciones, animamos a que lo hagan. El modo en que deber\u00e1n hacerse los env\u00edos se publicar\u00e1 en su momento. <\/p>\n\n\n\n<p>\u00a0\u00a0\u00a0\u00a0\u00a0\u00a0\u00a0\u00a0\u00a0\u00a0\u00a0 El env\u00edo de las soluciones debe realizarse antes de la finalizaci\u00f3n de cada bimestre al que se corresponden las soluciones, ya que al final de cada periodo, la FESPM \u00a0publicar\u00e1 las soluciones de los problemas propuestos, considerando que el proceso para llegar a las soluciones que se publiquen no tiene porqu\u00e9 ser el \u00fanico posible. Esperemos que este material, que ir\u00e1 creciendo a lo largo del curso, pueda servir para aquellos alumnos que sienten esa inquietud por resolver problemas y abordar retos en los que las herramientas matem\u00e1ticas puedan llevarles a la satisfacci\u00f3n de resolverlos. <\/p>\n","protected":false},"excerpt":{"rendered":"<p>En este curso 2020-21, proponemos una nueva actividad cuyo objetivo es fomentar la resoluci\u00f3n de problemas. Para ello, proporcionaremos al profesorado una colecci\u00f3n de problemas que podr\u00edan utilizar como material complementario tanto en el aula como para trabajarlo desde casa. &nbsp;&nbsp;&nbsp;&nbsp;&nbsp;&nbsp;&nbsp;&nbsp;&nbsp;&nbsp;&nbsp; Cada bimestre, a partir del pr\u00f3ximo mes de octubre, se publicar\u00e1n ocho problemas. De [&hellip;]<\/p>\n","protected":false},"author":3,"featured_media":0,"comment_status":"open","ping_status":"open","sticky":false,"template":"","format":"standard","meta":{"footnotes":""},"categories":[57],"tags":[],"class_list":["post-1588","post","type-post","status-publish","format-standard","hentry","category-problemas-y-problemas"],"_links":{"self":[{"href":"https:\/\/fespm.es\/index.php\/wp-json\/wp\/v2\/posts\/1588","targetHints":{"allow":["GET"]}}],"collection":[{"href":"https:\/\/fespm.es\/index.php\/wp-json\/wp\/v2\/posts"}],"about":[{"href":"https:\/\/fespm.es\/index.php\/wp-json\/wp\/v2\/types\/post"}],"author":[{"embeddable":true,"href":"https:\/\/fespm.es\/index.php\/wp-json\/wp\/v2\/users\/3"}],"replies":[{"embeddable":true,"href":"https:\/\/fespm.es\/index.php\/wp-json\/wp\/v2\/comments?post=1588"}],"version-history":[{"count":10,"href":"https:\/\/fespm.es\/index.php\/wp-json\/wp\/v2\/posts\/1588\/revisions"}],"predecessor-version":[{"id":1629,"href":"https:\/\/fespm.es\/index.php\/wp-json\/wp\/v2\/posts\/1588\/revisions\/1629"}],"wp:attachment":[{"href":"https:\/\/fespm.es\/index.php\/wp-json\/wp\/v2\/media?parent=1588"}],"wp:term":[{"taxonomy":"category","embeddable":true,"href":"https:\/\/fespm.es\/index.php\/wp-json\/wp\/v2\/categories?post=1588"},{"taxonomy":"post_tag","embeddable":true,"href":"https:\/\/fespm.es\/index.php\/wp-json\/wp\/v2\/tags?post=1588"}],"curies":[{"name":"wp","href":"https:\/\/api.w.org\/{rel}","templated":true}]}}