{"id":139,"date":"2010-03-29T14:14:00","date_gmt":"2010-03-29T14:14:00","guid":{"rendered":"http:\/\/fespm.semrm.com\/index.php\/2010\/03\/29\/miguel-antonio-esteban-premio-gsv-1999\/"},"modified":"2010-03-29T14:14:00","modified_gmt":"2010-03-29T14:14:00","slug":"miguel-antonio-esteban-premio-gsv-1999","status":"publish","type":"post","link":"https:\/\/fespm.es\/index.php\/2010\/03\/29\/miguel-antonio-esteban-premio-gsv-1999\/","title":{"rendered":"Miguel Antonio Esteban. Premio GSV 1999"},"content":{"rendered":"<p>MIGUEL ANTONIO ESTEBAN.<br \/>\n<br \/>Premio Gonzalo S\u00e1nchez V\u00e1zquez 1999.<\/p>\n<p>Naci\u00f3 en C\u00e1ceres el 24 de mayo de 1926.<\/p>\n<p>Estudi\u00f3 la Licenciatura en Ciencias Qu\u00edmicas en la Universidad Complutense de Madrid.<\/p>\n<p>En 1958 gan\u00f3 por oposici\u00f3n la plaza de profesor numerario de Maestr\u00eda Industrial de C\u00e1ceres.<\/p>\n<p>Cuatro a\u00f1os despu\u00e9s, obtiene plaza de Adjunto de Ense\u00f1anza Media, accediendo al Cuerpo de Catedr\u00e1ticos de Ense\u00f1anzas Medias en 1979 y destinado al entonces INEM \u00abNorba Caesarina\u00bb de C\u00e1ceres en el que permanecer\u00e1 hasta su jubilaci\u00f3n en 1991.<\/p>\n<p>En los primeros a\u00f1os de su jubilaci\u00f3n y a propuesta del APA del centro, imparti\u00f3 de forma gratuita clases a aquellos alumnos de COU que voluntariamente quer\u00edan completar su preparaci\u00f3n preuniversitaria.<\/p>\n<p>Sus alumnos le recuerdan como a un profesor que impon\u00eda un gran respeto no exento de una buena dosis de sentido del humor, que le hac\u00edan ser reconocido por su gran profesionalidad.<\/p>\n<p>Cuando comenzaron los movimientos de renovaci\u00f3n pedag\u00f3gica, fue uno de los fundadores del grupo de trabajo \u00abHalley\u00bb que inici\u00f3 su andadura en 1987.<\/p>\n<p>Asisti\u00f3 a las primeras reuniones que llevaron a la creaci\u00f3n de la Sociedad Extreme\u00f1a de Educaci\u00f3n Matem\u00e1tica, siendo socio fundador y Vicepresidente desde entonces.<\/p>\n<p>Su afici\u00f3n por la docencia, su disposici\u00f3n, a\u00fan despu\u00e9s de su jubilaci\u00f3n y su hombr\u00eda de bien, influyeron en la propuesta como candidato a un premio a los valores humanos, al honrado profesor que disfruta con sus clases y ayudando a sus alumnos, tanto en la parte informativa, como en la formativa.<\/p>\n","protected":false},"excerpt":{"rendered":"<p>MIGUEL ANTONIO ESTEBAN. Premio Gonzalo S\u00e1nchez V\u00e1zquez 1999. Naci\u00f3 en C\u00e1ceres el 24 de mayo de 1926. Estudi\u00f3 la Licenciatura en Ciencias Qu\u00edmicas en la Universidad Complutense de Madrid. En 1958 gan\u00f3 por oposici\u00f3n la plaza de profesor numerario de Maestr\u00eda Industrial de C\u00e1ceres. Cuatro a\u00f1os despu\u00e9s, obtiene plaza de Adjunto de Ense\u00f1anza Media, accediendo [&hellip;]<\/p>\n","protected":false},"author":1,"featured_media":138,"comment_status":"closed","ping_status":"open","sticky":false,"template":"","format":"standard","meta":{"footnotes":""},"categories":[19],"tags":[],"class_list":["post-139","post","type-post","status-publish","format-standard","has-post-thumbnail","hentry","category-premio-gonzalo-sanchez-vazquez"],"_links":{"self":[{"href":"https:\/\/fespm.es\/index.php\/wp-json\/wp\/v2\/posts\/139","targetHints":{"allow":["GET"]}}],"collection":[{"href":"https:\/\/fespm.es\/index.php\/wp-json\/wp\/v2\/posts"}],"about":[{"href":"https:\/\/fespm.es\/index.php\/wp-json\/wp\/v2\/types\/post"}],"author":[{"embeddable":true,"href":"https:\/\/fespm.es\/index.php\/wp-json\/wp\/v2\/users\/1"}],"replies":[{"embeddable":true,"href":"https:\/\/fespm.es\/index.php\/wp-json\/wp\/v2\/comments?post=139"}],"version-history":[{"count":0,"href":"https:\/\/fespm.es\/index.php\/wp-json\/wp\/v2\/posts\/139\/revisions"}],"wp:featuredmedia":[{"embeddable":true,"href":"https:\/\/fespm.es\/index.php\/wp-json\/wp\/v2\/media\/138"}],"wp:attachment":[{"href":"https:\/\/fespm.es\/index.php\/wp-json\/wp\/v2\/media?parent=139"}],"wp:term":[{"taxonomy":"category","embeddable":true,"href":"https:\/\/fespm.es\/index.php\/wp-json\/wp\/v2\/categories?post=139"},{"taxonomy":"post_tag","embeddable":true,"href":"https:\/\/fespm.es\/index.php\/wp-json\/wp\/v2\/tags?post=139"}],"curies":[{"name":"wp","href":"https:\/\/api.w.org\/{rel}","templated":true}]}}