{"id":1163,"date":"2020-05-11T11:06:51","date_gmt":"2020-05-11T09:06:51","guid":{"rendered":"http:\/\/fespm.es\/?p=1163"},"modified":"2022-12-06T21:30:46","modified_gmt":"2022-12-06T19:30:46","slug":"dem-2020","status":"publish","type":"post","link":"https:\/\/fespm.es\/index.php\/2020\/05\/11\/dem-2020\/","title":{"rendered":"DEM 2020"},"content":{"rendered":"\n<p><strong>El v\u00eddeo de la conferencia que ha tenido lugar el 12 de mayo de 2020 est\u00e1 disponible en&nbsp;<br><\/strong><a rel=\"noreferrer noopener\" href=\"https:\/\/www.youtube.com\/watch?v=whYtbPmWzCc\" target=\"_blank\"><strong>https:\/\/www.youtube.com\/watch?v=whYtbPmWzCc<\/strong><\/a><br><\/p>\n\n\n\n<h1 class=\"wp-block-heading\">Con mi m\u00f3vil aprendo matem\u00e1ticas<\/h1>\n\n\n\n<p><strong>Aunque confinados, no olvidemos que el d\u00eda 12 de mayo celebramos el D\u00eda Escolar de las Matem\u00e1ticas. <\/strong><\/p>\n\n\n\n<p>Os invitamos a asistir el pr\u00f3ximo martes, 12 de mayo, a las 18.00 hora canaria , 19:00 hora peninsular; al acto institucional de la FESPM  organizado por la SCPM Isaac Newton. Este acto se desarrollar\u00e1 en el canal de YouTube de SPMC Issac Newton:&nbsp;\u200b\u200b<strong><a rel=\"noopener noreferrer\" href=\"https:\/\/bit.ly\/3ckljWX\" target=\"_blank\">https:\/\/bit.ly\/3ckljWX<\/a><\/strong><\/p>\n\n\n\n<figure class=\"wp-block-image is-resized\"><img loading=\"lazy\" decoding=\"async\" src=\"http:\/\/fespm.es\/wp-content\/uploads\/2020\/05\/Dia-Escolar-2020-1024x724.jpg\" alt=\"\" class=\"wp-image-1511\" width=\"780\" height=\"551\" srcset=\"https:\/\/fespm.es\/wp-content\/uploads\/2020\/05\/Dia-Escolar-2020-1024x724.jpg 1024w, https:\/\/fespm.es\/wp-content\/uploads\/2020\/05\/Dia-Escolar-2020-600x424.jpg 600w, https:\/\/fespm.es\/wp-content\/uploads\/2020\/05\/Dia-Escolar-2020-300x212.jpg 300w, https:\/\/fespm.es\/wp-content\/uploads\/2020\/05\/Dia-Escolar-2020-768x543.jpg 768w, https:\/\/fespm.es\/wp-content\/uploads\/2020\/05\/Dia-Escolar-2020-340x240.jpg 340w\" sizes=\"auto, (max-width: 780px) 100vw, 780px\" \/><\/figure>\n\n\n\n<h2 class=\"wp-block-heading\">\u00abCuadernillo\u00bb<\/h2>\n\n\n\n<p>Adem\u00e1s del acto institucional del d\u00eda 12 de mayo, como cada a\u00f1o se ha elaborado el  cuadernillo con ideas para trabajar en clase, publicado en el n\u00famero 92 de la revista Suma y disponible en el siguiente <a rel=\"noreferrer noopener\" href=\"http:\/\/fespm.es\/wp-content\/uploads\/2022\/12\/Con-mi-movil-aprendo-matematicas.-DEM2019.pdf\" target=\"_blank\">enlace<\/a>.<\/p>\n\n\n\n<p>En esta edici\u00f3n el profesor Juan Francisco Rodr\u00edguez nos muestra diferentes programas y actividades para poder trabajar con el m\u00f3vil en nuestras clases de matem\u00e1ticas.<\/p>\n\n\n\n<p>Es profesor, desde el a\u00f1o 1988, de Matem\u00e1ticas y F\u00edsica\/Qu\u00edmica del colegio&nbsp;<a rel=\"noreferrer noopener\" href=\"http:\/\/www.xn--colegio-hispano-ingls-u5b.es\/es\/\" target=\"_blank\">Hispano-Ingl\u00e9s<\/a> de Tenerife<\/p>\n\n\n\n<p>Trabaja desde el enfoque flipped que le permite llenar el tiempo en el aula de actividades m\u00e1s atractivas y din\u00e1micas.<\/p>\n\n\n\n<p>Copromotor e impulsor de las web&nbsp;<a href=\"https:\/\/www.estonoentraenelexamen.com\/\" target=\"_blank\" rel=\"noreferrer noopener\">estonoentraenelxamen<\/a>,&nbsp;<a href=\"https:\/\/www.estosientraenelexamen.com\/\" target=\"_blank\" rel=\"noreferrer noopener\">estosientraenelxamen<\/a>&nbsp;y de la&nbsp;<a href=\"https:\/\/www.estosientraenelexamen.com\/app_down.html\" target=\"_blank\" rel=\"noreferrer noopener\">app<\/a>&nbsp;&nbsp;dedicada a Flipped Classroom.<\/p>\n\n\n\n<p><\/p>\n\n\n\n<p><strong>Fe de erratas<\/strong>: En la p\u00e1gina 5, <em>Actividad para realizar en el aula#2<\/em>, se hace referencia al siguiente QR, necesario para realizar la actividad, y  que no figura en la revista .<\/p>\n\n\n\n<figure class=\"wp-block-image\"><img loading=\"lazy\" decoding=\"async\" width=\"112\" height=\"111\" src=\"https:\/\/fespm.es\/wp-content\/uploads\/2020\/02\/image.png\" alt=\"\" class=\"wp-image-1211\" srcset=\"https:\/\/fespm.es\/wp-content\/uploads\/2020\/02\/image.png 112w, https:\/\/fespm.es\/wp-content\/uploads\/2020\/02\/image-100x100.png 100w\" sizes=\"auto, (max-width: 112px) 100vw, 112px\" \/><\/figure>\n\n\n\n<p><\/p>\n","protected":false},"excerpt":{"rendered":"<p>El v\u00eddeo de la conferencia que ha tenido lugar el 12 de mayo de 2020 est\u00e1 disponible en&nbsp;https:\/\/www.youtube.com\/watch?v=whYtbPmWzCc Con mi m\u00f3vil aprendo matem\u00e1ticas Aunque confinados, no olvidemos que el d\u00eda 12 de mayo celebramos el D\u00eda Escolar de las Matem\u00e1ticas. Os invitamos a asistir el pr\u00f3ximo martes, 12 de mayo, a las 18.00 hora canaria [&hellip;]<\/p>\n","protected":false},"author":3,"featured_media":1193,"comment_status":"open","ping_status":"open","sticky":false,"template":"","format":"standard","meta":{"footnotes":""},"categories":[54,52,6],"tags":[],"class_list":["post-1163","post","type-post","status-publish","format-standard","has-post-thumbnail","hentry","category-dem-2020","category-destacados","category-dia-escolar-de-las-matematicas"],"_links":{"self":[{"href":"https:\/\/fespm.es\/index.php\/wp-json\/wp\/v2\/posts\/1163","targetHints":{"allow":["GET"]}}],"collection":[{"href":"https:\/\/fespm.es\/index.php\/wp-json\/wp\/v2\/posts"}],"about":[{"href":"https:\/\/fespm.es\/index.php\/wp-json\/wp\/v2\/types\/post"}],"author":[{"embeddable":true,"href":"https:\/\/fespm.es\/index.php\/wp-json\/wp\/v2\/users\/3"}],"replies":[{"embeddable":true,"href":"https:\/\/fespm.es\/index.php\/wp-json\/wp\/v2\/comments?post=1163"}],"version-history":[{"count":26,"href":"https:\/\/fespm.es\/index.php\/wp-json\/wp\/v2\/posts\/1163\/revisions"}],"predecessor-version":[{"id":2444,"href":"https:\/\/fespm.es\/index.php\/wp-json\/wp\/v2\/posts\/1163\/revisions\/2444"}],"wp:featuredmedia":[{"embeddable":true,"href":"https:\/\/fespm.es\/index.php\/wp-json\/wp\/v2\/media\/1193"}],"wp:attachment":[{"href":"https:\/\/fespm.es\/index.php\/wp-json\/wp\/v2\/media?parent=1163"}],"wp:term":[{"taxonomy":"category","embeddable":true,"href":"https:\/\/fespm.es\/index.php\/wp-json\/wp\/v2\/categories?post=1163"},{"taxonomy":"post_tag","embeddable":true,"href":"https:\/\/fespm.es\/index.php\/wp-json\/wp\/v2\/tags?post=1163"}],"curies":[{"name":"wp","href":"https:\/\/api.w.org\/{rel}","templated":true}]}}